{"id":29908,"date":"2018-10-08T21:58:37","date_gmt":"2018-10-08T19:58:37","guid":{"rendered":"https:\/\/www.oficinadearte.com\/?p=29908"},"modified":"2018-11-15T20:10:44","modified_gmt":"2018-11-15T19:10:44","slug":"diseno-editorial-memoria-anual-puerto-melilla","status":"publish","type":"post","link":"https:\/\/www.oficinadearte.com\/es\/diseno-editorial-memoria-anual-puerto-melilla\/","title":{"rendered":"Dise\u00f1o editorial: memoria anual Puerto de Melilla 2017"},"content":{"rendered":"<div class=\"wpb-content-wrapper\"><p>[vc_row][vc_column][vc_row_inner][vc_column_inner]<div class=\"clearboth\"><\/div><style>#thegem-divider-69f2066b202c2 {margin-bottom: 40px !important;}<\/style><div id=\"thegem-divider-69f2066b202c2\" class=\"gem-divider  \" style=\"\" ><\/div>[\/vc_column_inner][\/vc_row_inner][\/vc_column][\/vc_row][vc_row][vc_column width=\u00bb2\/3&#8243;][vc_column_text]<\/p>\n<h1>Dise\u00f1o editorial: memoria anual Puerto de Melilla 2017_<\/h1>\n<p>[\/vc_column_text][vc_single_image image=\u00bb29913&#8243; img_size=\u00bbfull\u00bb alignment=\u00bbcenter\u00bb css=\u00bb.vc_custom_1539028525784{padding-top: 10px !important;padding-bottom: 10px !important;}\u00bb][vc_column_text]<\/p>\n<p style=\"font-size: 18px; color: #666666;\">En Oficina de Arte somos especialistas en dise\u00f1o editorial. Nos encargamos de la maquetaci\u00f3n y composici\u00f3n de todo tipo de publicaciones, para que resulten atractivas y funcionales para el lector, como la memoria anual de la Autoridad Portuaria de Melilla 2017. Una memoria biling\u00fce en formato digital adaptada a las tendencias marcadas por la conciencia ecol\u00f3gica y una estrategia sostenible y respetuosa con el medio ambiente.<\/p>\n<p>[\/vc_column_text][vc_column_text]El Puerto de Melilla, fiel a sus valores, hace p\u00fablica su memoria anual desde principios del siglo pasado. En su <strong><a href=\"http:\/\/www.puertodemelilla.es\/index.php\/informacion\/memorias\/memorias-del-puerto-de-melilla\">web<\/a><\/strong>, se pueden consultar las memorias desde el a\u00f1o 1904. <strong>Con ello garantiza a sus clientes y usuarios transparencia en la gesti\u00f3n de recursos y calidad en la prestaci\u00f3n de sus servicios.<\/strong><\/p>\n<p>No es la primera vez que en Oficina de Arte trabajamos el dise\u00f1o editorial de publicaciones para el Puerto de Melilla. Realizamos las memorias anuales de 2005, 2006, 2007, 2008, 2009, 2010, 2011, 2012, 2013, 2015 y 2017. As\u00ed como las memorias de sostenibilidad de 2011, 2012 y 2013.<\/p>\n<p><strong>Unas memorias en las que Oficina de Arte siempre aport\u00f3 calidad y prestigio.<\/strong> Hemos recopilado y dado forma a los objetivos de esta entidad p\u00fablica, sus logros durante estos ejercicios, as\u00ed como sus retos de futuro. <strong>Con<\/strong> <strong>una audiencia que no ha parado crecer<\/strong> y que es cada vez m\u00e1s amplia al hacerlas accesibles a todos los ciudadanos a trav\u00e9s de internet.[\/vc_column_text][vc_single_image image=\u00bb29917&#8243; img_size=\u00bbfull\u00bb alignment=\u00bbcenter\u00bb css=\u00bb.vc_custom_1539028591952{padding-top: 10px !important;padding-bottom: 10px !important;}\u00bb][vc_column_text css=\u00bb.vc_custom_1539020679635{padding-top: 20px !important;}\u00bb]<\/p>\n<h2>Objetivos de la memoria anual del Puerto de Melilla_<\/h2>\n<p>[\/vc_column_text][vc_column_text]<strong>Con el objetivo de<\/strong> <strong>informar del desempe\u00f1o de su actividad<\/strong>, la Autoridad Portuaria publica su memoria anual. Un documento informativo, bien estructurado, en el que se transmiten los valores y personalidad de esta entidad p\u00fablica.<\/p>\n<p>La memoria, por su propio contenido, <strong>es un documento formal y serio,<\/strong> ya que en ella se comparte informaci\u00f3n sensible del Puerto de Melilla. Resume la principales actividades realizadas y el balance econ\u00f3mico del a\u00f1o al que hace referencia.<\/p>\n<p>Asimismo, esta memoria tiene un alto valor estrat\u00e9gico para dicha instituci\u00f3n. Con una informaci\u00f3n bien detallada y plasmada, <strong>este documento se convierte en material promocional de alto valor a\u00f1adido para la Autoridad Portuaria.<\/strong>[\/vc_column_text][vc_single_image image=\u00bb29923&#8243; img_size=\u00bbfull\u00bb alignment=\u00bbcenter\u00bb css=\u00bb.vc_custom_1539028670025{padding-top: 10px !important;padding-bottom: 10px !important;}\u00bb][vc_column_text css=\u00bb.vc_custom_1539029079570{padding-top: 20px !important;}\u00bb]<\/p>\n<h2>Caracter\u00edsticas de la memoria anual Puerto de Melilla_<\/h2>\n<p>[\/vc_column_text][vc_column_text]<strong>En Oficina de Arte hemos dise\u00f1ado, maquetado y preparado el archivo en formato digital (pdf) de la memoria.<\/strong> Consta de unas 120 p\u00e1ginas, en formato A-4 vertical. Este documento no se imprime. Desde el a\u00f1o 2013, por motivos de sostenibilidad medioambiental, dej\u00f3 de imprimirse f\u00edsicamente.<\/p>\n<p>Sin embargo, <strong>s\u00ed que se imprime una versi\u00f3n resumida de esta memoria.<\/strong> Una revista en formato A4, de 12 p\u00e1ginas a todo color (8 p\u00e1ginas de tripa m\u00e1s cubiertas) con una tirada de 200 ejemplares. La cubierta interior de la contraportada lleva un troquel que contiene el <strong>USB tipo tarjeta en el que va grabado el pdf de la memoria completa.<\/strong><\/p>\n<p>De este modo, el documento en formato digital (pdf) est\u00e1 listo para su difusi\u00f3n en la web de la Autoridad Portuaria de Melilla. <strong>Se trata de un pdf interactivo.<\/strong> Desde el \u00edndice, se colocan v\u00ednculos a todos los apartados de la memoria, as\u00ed como un bot\u00f3n de regreso al \u00edndice para una nueva b\u00fasqueda.<\/p>\n<p>Por tanto, podemos decir que es <strong>una memoria adaptada a los cambios de las nuevas generaciones respecto al consumo de contenidos.<\/strong> Y que tiene muy en cuenta el impacto medioambiental, aspecto valorado muy positivamente por su audiencia.[\/vc_column_text][vc_single_image image=\u00bb29919&#8243; img_size=\u00bbfull\u00bb alignment=\u00bbcenter\u00bb css=\u00bb.vc_custom_1539028617952{padding-top: 10px !important;padding-bottom: 10px !important;}\u00bb][vc_column_text css=\u00bb.vc_custom_1539029090033{padding-top: 20px !important;}\u00bb]<\/p>\n<h2>Dise\u00f1o editorial de la memoria anual Puerto de Melilla_<\/h2>\n<p>[\/vc_column_text][vc_column_text]La memoria anual de cualquier empresa o instituci\u00f3n es una extensi\u00f3n de su historia por lo que debe reflejar su identidad. A la hora de concebir el dise\u00f1o editorial que se aplicar\u00e1 a esta publicaci\u00f3n <strong>hay que dinamizar sus contenidos present\u00e1ndolos de forma amena y atractiva.<\/strong><\/p>\n<p>Se trata de un documento formal y as\u00ed queda reflejado en su <strong>estilo de maquetaci\u00f3n.<\/strong> En las primeras p\u00e1ginas destinadas a la presentaci\u00f3n, aparecen el saludo del Presidente y el informe de gesti\u00f3n del Director de la Autoridad Portuaria de Melilla. Esto hace que la memoria se convierta en <strong>un documento serio, pero no por ello poco atractivo.<\/strong><\/p>\n<p>Estas p\u00e1ginas de presentaci\u00f3n de la Presidencia y Direcci\u00f3n las hemos maquetado a dos columnas, reservando una columna para el espa\u00f1ol con el texto en color negro y otra, para el ingl\u00e9s con el texto en gris. En ellas aparecen las fotos institucionales y las firmas de las personas que sustentan dichos cargos.[\/vc_column_text][vc_single_image image=\u00bb29921&#8243; img_size=\u00bbfull\u00bb alignment=\u00bbcenter\u00bb css=\u00bb.vc_custom_1539028642730{padding-top: 10px !important;padding-bottom: 10px !important;}\u00bb][vc_column_text css=\u00bb.vc_custom_1539024006871{padding-top: 20px !important;}\u00bb]<\/p>\n<h2>Un estilo de dise\u00f1o editorial limpio, sencillo y de f\u00e1cil lectura_<\/h2>\n<p>[\/vc_column_text][vc_column_text]De esta forma, en la memoria se presenta la informaci\u00f3n corporativa de forma clara. <strong>Hemos empleado un dise\u00f1o editorial muy sencillo, limpio y f\u00e1cil de leer, dada la gran cantidad de tablas que lleva esta publicaci\u00f3n.<\/strong> Tipograf\u00edas de palo seco que presentan un estilo funcional y as\u00e9ptico. Colores suaves, destacando diferentes tonalidades de azul para el dise\u00f1o de recursos gr\u00e1ficos empleados en cubiertas y portadillas, as\u00ed como en el \u00edndice o los t\u00edtulos. <strong>Todo para no recargar la informaci\u00f3n y facilitar su consulta.<\/strong><\/p>\n<p>As\u00ed, los datos en forma de tablas combinan colores y resaltan elementos que permiten a los lectores hacerse una idea clara del mensaje, mediante el uso de la tipograf\u00eda en negrita. Las im\u00e1genes presentan un tratamiento atractivo con maquetaciones diferentes dentro del estilo del dise\u00f1o gr\u00e1fico y formatos vistosos. As\u00ed, conseguimos dar a este tipo de informe <strong>un toque m\u00e1s din\u00e1mico y aportar cierta levedad para la gran cantidad de datos e informaci\u00f3n que en \u00e9l se recoge.<\/strong><\/p>\n<p>La estructura a una y dos columnas juega con los espacios y el ojo del lector.\u00a0Los textos suelen ir maquetados a doble columna, como hemos visto en la presentaci\u00f3n (una columna se destina para el espa\u00f1ol y la otra para el ingl\u00e9s). Por otra parte, los tablas de datos se maquetan a una columna al ancho de la p\u00e1gina. En cada una se han combinado textos, tablas, gr\u00e1ficos e im\u00e1genes, conformando <strong>un dise\u00f1o editorial \u00fanico, coherente, con identidad propia.<\/strong>[\/vc_column_text][vc_single_image image=\u00bb29915&#8243; img_size=\u00bbfull\u00bb alignment=\u00bbcenter\u00bb css=\u00bb.vc_custom_1539028562736{padding-top: 10px !important;padding-bottom: 10px !important;}\u00bb][vc_column_text css=\u00bb.vc_custom_1539020888996{padding-top: 20px !important;}\u00bb]<\/p>\n<h2>Un equipo especialista en dise\u00f1o editorial_<\/h2>\n<p>[\/vc_column_text][vc_column_text]<strong>En <a href=\"https:\/\/www.oficinadearte.com\/es\/\">Oficina de Arte<\/a> somos especialistas en <a href=\"\/?page_id=26472\">dise\u00f1o editorial.<\/a><\/strong> <strong>Creamos libros, memorias, informes, manuales, revistas, publicaciones y boletines que aportan prestigio para cualquier empresa o entidad.<\/strong> Trabajamos diferentes formatos, materiales, acabados, troqueles\u2026 para crear dise\u00f1os atractivos con estilo propio. Desde la direcci\u00f3n de arte del proyecto, la gesti\u00f3n de fotograf\u00edas, gr\u00e1ficos, ilustraciones, edici\u00f3n de textos, correcci\u00f3n de estilo y ortotipogr\u00e1fica, traducciones, gesti\u00f3n del color, pruebas finales y todo lo que sea necesario para garantizar la calidad de las publicaciones.[\/vc_column_text][\/vc_column][vc_column width=\u00bb1\/3&#8243;][vc_widget_sidebar sidebar_id=\u00bbpage-sidebar\u00bb][\/vc_column][\/vc_row]<\/p>\n<\/div>","protected":false},"excerpt":{"rendered":"<p>En Oficina de Arte somos especialistas en dise\u00f1o editorial. Nos encargamos de la maquetaci\u00f3n y composici\u00f3n de todo tipo de publicaciones, para que resulten atractivas y funcionales para el lector, como la memoria anual de la Autoridad Portuaria de Melilla 2017. Una memoria biling\u00fce en formato digital adaptada a las tendencias marcadas por la conciencia ecol\u00f3gica y una estrategia sostenible y respetuosa con el medio ambiente.<\/p>\n","protected":false},"author":3,"featured_media":29913,"comment_status":"open","ping_status":"open","sticky":false,"template":"","format":"standard","meta":{"footnotes":""},"categories":[154,176,114],"tags":[],"class_list":{"0":"post-29908","1":"post","2":"type-post","3":"status-publish","4":"format-standard","5":"has-post-thumbnail","7":"category-creacion-de-contenidos","8":"category-diseno-editorial","9":"category-publicaciones"},"yoast_head":"<!-- This site is optimized with the Yoast SEO plugin v26.6 - https:\/\/yoast.com\/wordpress\/plugins\/seo\/ -->\n<title>Dise\u00f1o editorial: memoria anual del Puerto de Melilla 2017 | Oficina de Arte<\/title>\n<meta name=\"description\" content=\"Somos especialistas en dise\u00f1o editorial. Nos encargamos de la maquetaci\u00f3n y composici\u00f3n de la memoria anual de la Autoridad Portuaria de Melilla 2017.\" \/>\n<meta name=\"robots\" content=\"index, follow, max-snippet:-1, max-image-preview:large, max-video-preview:-1\" \/>\n<link rel=\"canonical\" href=\"https:\/\/www.oficinadearte.com\/es\/diseno-editorial-memoria-anual-puerto-melilla\/\" \/>\n<meta property=\"og:locale\" content=\"es_ES\" \/>\n<meta property=\"og:type\" content=\"article\" \/>\n<meta property=\"og:title\" content=\"Dise\u00f1o editorial: memoria anual del Puerto de Melilla 2017 | Oficina de Arte\" \/>\n<meta property=\"og:description\" content=\"Somos especialistas en dise\u00f1o editorial. Nos encargamos de la maquetaci\u00f3n y composici\u00f3n de la memoria anual de la Autoridad Portuaria de Melilla 2017.\" \/>\n<meta property=\"og:url\" content=\"https:\/\/www.oficinadearte.com\/es\/diseno-editorial-memoria-anual-puerto-melilla\/\" \/>\n<meta property=\"og:site_name\" content=\"Oficina de Arte\" \/>\n<meta property=\"article:published_time\" content=\"2018-10-08T19:58:37+00:00\" \/>\n<meta property=\"article:modified_time\" content=\"2018-11-15T19:10:44+00:00\" \/>\n<meta property=\"og:image\" content=\"https:\/\/www.oficinadearte.com\/wp-content\/uploads\/2018\/10\/Melilla2017-1.jpg\" \/>\n\t<meta property=\"og:image:width\" content=\"1500\" \/>\n\t<meta property=\"og:image:height\" content=\"898\" \/>\n\t<meta property=\"og:image:type\" content=\"image\/jpeg\" \/>\n<meta name=\"author\" content=\"Redacci\u00f3n\" \/>\n<meta name=\"twitter:card\" content=\"summary_large_image\" \/>\n<meta name=\"twitter:label1\" content=\"Escrito por\" \/>\n\t<meta name=\"twitter:data1\" content=\"Redacci\u00f3n\" \/>\n\t<meta name=\"twitter:label2\" content=\"Tiempo de lectura\" \/>\n\t<meta name=\"twitter:data2\" content=\"7 minutos\" \/>\n<script type=\"application\/ld+json\" class=\"yoast-schema-graph\">{\"@context\":\"https:\/\/schema.org\",\"@graph\":[{\"@type\":\"WebPage\",\"@id\":\"https:\/\/www.oficinadearte.com\/es\/diseno-editorial-memoria-anual-puerto-melilla\/\",\"url\":\"https:\/\/www.oficinadearte.com\/es\/diseno-editorial-memoria-anual-puerto-melilla\/\",\"name\":\"Dise\u00f1o editorial: memoria anual del Puerto de Melilla 2017 | Oficina de Arte\",\"isPartOf\":{\"@id\":\"https:\/\/www.oficinadearte.com\/es\/#website\"},\"primaryImageOfPage\":{\"@id\":\"https:\/\/www.oficinadearte.com\/es\/diseno-editorial-memoria-anual-puerto-melilla\/#primaryimage\"},\"image\":{\"@id\":\"https:\/\/www.oficinadearte.com\/es\/diseno-editorial-memoria-anual-puerto-melilla\/#primaryimage\"},\"thumbnailUrl\":\"https:\/\/www.oficinadearte.com\/wp-content\/uploads\/2018\/10\/Melilla2017-1.jpg\",\"datePublished\":\"2018-10-08T19:58:37+00:00\",\"dateModified\":\"2018-11-15T19:10:44+00:00\",\"author\":{\"@id\":\"https:\/\/www.oficinadearte.com\/es\/#\/schema\/person\/9f461da2dfe10c8213d04a4b8dda5b59\"},\"description\":\"Somos especialistas en dise\u00f1o editorial. Nos encargamos de la maquetaci\u00f3n y composici\u00f3n de la memoria anual de la Autoridad Portuaria de Melilla 2017.\",\"breadcrumb\":{\"@id\":\"https:\/\/www.oficinadearte.com\/es\/diseno-editorial-memoria-anual-puerto-melilla\/#breadcrumb\"},\"inLanguage\":\"es\",\"potentialAction\":[{\"@type\":\"ReadAction\",\"target\":[\"https:\/\/www.oficinadearte.com\/es\/diseno-editorial-memoria-anual-puerto-melilla\/\"]}]},{\"@type\":\"ImageObject\",\"inLanguage\":\"es\",\"@id\":\"https:\/\/www.oficinadearte.com\/es\/diseno-editorial-memoria-anual-puerto-melilla\/#primaryimage\",\"url\":\"https:\/\/www.oficinadearte.com\/wp-content\/uploads\/2018\/10\/Melilla2017-1.jpg\",\"contentUrl\":\"https:\/\/www.oficinadearte.com\/wp-content\/uploads\/2018\/10\/Melilla2017-1.jpg\",\"width\":1500,\"height\":898,\"caption\":\"Memoria anual de Puerto de Melilla 2017.\"},{\"@type\":\"BreadcrumbList\",\"@id\":\"https:\/\/www.oficinadearte.com\/es\/diseno-editorial-memoria-anual-puerto-melilla\/#breadcrumb\",\"itemListElement\":[{\"@type\":\"ListItem\",\"position\":1,\"name\":\"Portada\",\"item\":\"https:\/\/www.oficinadearte.com\/es\/\"},{\"@type\":\"ListItem\",\"position\":2,\"name\":\"Dise\u00f1o editorial: memoria anual Puerto de Melilla 2017\"}]},{\"@type\":\"WebSite\",\"@id\":\"https:\/\/www.oficinadearte.com\/es\/#website\",\"url\":\"https:\/\/www.oficinadearte.com\/es\/\",\"name\":\"Oficina de Arte\",\"description\":\"Agencia de Dise\u00f1o Gr\u00e1fico\",\"potentialAction\":[{\"@type\":\"SearchAction\",\"target\":{\"@type\":\"EntryPoint\",\"urlTemplate\":\"https:\/\/www.oficinadearte.com\/es\/?s={search_term_string}\"},\"query-input\":{\"@type\":\"PropertyValueSpecification\",\"valueRequired\":true,\"valueName\":\"search_term_string\"}}],\"inLanguage\":\"es\"},{\"@type\":\"Person\",\"@id\":\"https:\/\/www.oficinadearte.com\/es\/#\/schema\/person\/9f461da2dfe10c8213d04a4b8dda5b59\",\"name\":\"Redacci\u00f3n\",\"image\":{\"@type\":\"ImageObject\",\"inLanguage\":\"es\",\"@id\":\"https:\/\/www.oficinadearte.com\/es\/#\/schema\/person\/image\/\",\"url\":\"https:\/\/secure.gravatar.com\/avatar\/3619530100c567f86f3c26573a234537b1bbea46c953d65a3dfbc0feb52b1c9d?s=96&d=mm&r=g\",\"contentUrl\":\"https:\/\/secure.gravatar.com\/avatar\/3619530100c567f86f3c26573a234537b1bbea46c953d65a3dfbc0feb52b1c9d?s=96&d=mm&r=g\",\"caption\":\"Redacci\u00f3n\"},\"url\":\"https:\/\/www.oficinadearte.com\/es\/author\/inma-tenor\/\"}]}<\/script>\n<!-- \/ Yoast SEO plugin. -->","yoast_head_json":{"title":"Dise\u00f1o editorial: memoria anual del Puerto de Melilla 2017 | Oficina de Arte","description":"Somos especialistas en dise\u00f1o editorial. Nos encargamos de la maquetaci\u00f3n y composici\u00f3n de la memoria anual de la Autoridad Portuaria de Melilla 2017.","robots":{"index":"index","follow":"follow","max-snippet":"max-snippet:-1","max-image-preview":"max-image-preview:large","max-video-preview":"max-video-preview:-1"},"canonical":"https:\/\/www.oficinadearte.com\/es\/diseno-editorial-memoria-anual-puerto-melilla\/","og_locale":"es_ES","og_type":"article","og_title":"Dise\u00f1o editorial: memoria anual del Puerto de Melilla 2017 | Oficina de Arte","og_description":"Somos especialistas en dise\u00f1o editorial. Nos encargamos de la maquetaci\u00f3n y composici\u00f3n de la memoria anual de la Autoridad Portuaria de Melilla 2017.","og_url":"https:\/\/www.oficinadearte.com\/es\/diseno-editorial-memoria-anual-puerto-melilla\/","og_site_name":"Oficina de Arte","article_published_time":"2018-10-08T19:58:37+00:00","article_modified_time":"2018-11-15T19:10:44+00:00","og_image":[{"width":1500,"height":898,"url":"https:\/\/www.oficinadearte.com\/wp-content\/uploads\/2018\/10\/Melilla2017-1.jpg","type":"image\/jpeg"}],"author":"Redacci\u00f3n","twitter_card":"summary_large_image","twitter_misc":{"Escrito por":"Redacci\u00f3n","Tiempo de lectura":"7 minutos"},"schema":{"@context":"https:\/\/schema.org","@graph":[{"@type":"WebPage","@id":"https:\/\/www.oficinadearte.com\/es\/diseno-editorial-memoria-anual-puerto-melilla\/","url":"https:\/\/www.oficinadearte.com\/es\/diseno-editorial-memoria-anual-puerto-melilla\/","name":"Dise\u00f1o editorial: memoria anual del Puerto de Melilla 2017 | Oficina de Arte","isPartOf":{"@id":"https:\/\/www.oficinadearte.com\/es\/#website"},"primaryImageOfPage":{"@id":"https:\/\/www.oficinadearte.com\/es\/diseno-editorial-memoria-anual-puerto-melilla\/#primaryimage"},"image":{"@id":"https:\/\/www.oficinadearte.com\/es\/diseno-editorial-memoria-anual-puerto-melilla\/#primaryimage"},"thumbnailUrl":"https:\/\/www.oficinadearte.com\/wp-content\/uploads\/2018\/10\/Melilla2017-1.jpg","datePublished":"2018-10-08T19:58:37+00:00","dateModified":"2018-11-15T19:10:44+00:00","author":{"@id":"https:\/\/www.oficinadearte.com\/es\/#\/schema\/person\/9f461da2dfe10c8213d04a4b8dda5b59"},"description":"Somos especialistas en dise\u00f1o editorial. Nos encargamos de la maquetaci\u00f3n y composici\u00f3n de la memoria anual de la Autoridad Portuaria de Melilla 2017.","breadcrumb":{"@id":"https:\/\/www.oficinadearte.com\/es\/diseno-editorial-memoria-anual-puerto-melilla\/#breadcrumb"},"inLanguage":"es","potentialAction":[{"@type":"ReadAction","target":["https:\/\/www.oficinadearte.com\/es\/diseno-editorial-memoria-anual-puerto-melilla\/"]}]},{"@type":"ImageObject","inLanguage":"es","@id":"https:\/\/www.oficinadearte.com\/es\/diseno-editorial-memoria-anual-puerto-melilla\/#primaryimage","url":"https:\/\/www.oficinadearte.com\/wp-content\/uploads\/2018\/10\/Melilla2017-1.jpg","contentUrl":"https:\/\/www.oficinadearte.com\/wp-content\/uploads\/2018\/10\/Melilla2017-1.jpg","width":1500,"height":898,"caption":"Memoria anual de Puerto de Melilla 2017."},{"@type":"BreadcrumbList","@id":"https:\/\/www.oficinadearte.com\/es\/diseno-editorial-memoria-anual-puerto-melilla\/#breadcrumb","itemListElement":[{"@type":"ListItem","position":1,"name":"Portada","item":"https:\/\/www.oficinadearte.com\/es\/"},{"@type":"ListItem","position":2,"name":"Dise\u00f1o editorial: memoria anual Puerto de Melilla 2017"}]},{"@type":"WebSite","@id":"https:\/\/www.oficinadearte.com\/es\/#website","url":"https:\/\/www.oficinadearte.com\/es\/","name":"Oficina de Arte","description":"Agencia de Dise\u00f1o Gr\u00e1fico","potentialAction":[{"@type":"SearchAction","target":{"@type":"EntryPoint","urlTemplate":"https:\/\/www.oficinadearte.com\/es\/?s={search_term_string}"},"query-input":{"@type":"PropertyValueSpecification","valueRequired":true,"valueName":"search_term_string"}}],"inLanguage":"es"},{"@type":"Person","@id":"https:\/\/www.oficinadearte.com\/es\/#\/schema\/person\/9f461da2dfe10c8213d04a4b8dda5b59","name":"Redacci\u00f3n","image":{"@type":"ImageObject","inLanguage":"es","@id":"https:\/\/www.oficinadearte.com\/es\/#\/schema\/person\/image\/","url":"https:\/\/secure.gravatar.com\/avatar\/3619530100c567f86f3c26573a234537b1bbea46c953d65a3dfbc0feb52b1c9d?s=96&d=mm&r=g","contentUrl":"https:\/\/secure.gravatar.com\/avatar\/3619530100c567f86f3c26573a234537b1bbea46c953d65a3dfbc0feb52b1c9d?s=96&d=mm&r=g","caption":"Redacci\u00f3n"},"url":"https:\/\/www.oficinadearte.com\/es\/author\/inma-tenor\/"}]}},"menu_order":0,"_links":{"self":[{"href":"https:\/\/www.oficinadearte.com\/es\/wp-json\/wp\/v2\/posts\/29908","targetHints":{"allow":["GET"]}}],"collection":[{"href":"https:\/\/www.oficinadearte.com\/es\/wp-json\/wp\/v2\/posts"}],"about":[{"href":"https:\/\/www.oficinadearte.com\/es\/wp-json\/wp\/v2\/types\/post"}],"author":[{"embeddable":true,"href":"https:\/\/www.oficinadearte.com\/es\/wp-json\/wp\/v2\/users\/3"}],"replies":[{"embeddable":true,"href":"https:\/\/www.oficinadearte.com\/es\/wp-json\/wp\/v2\/comments?post=29908"}],"version-history":[{"count":9,"href":"https:\/\/www.oficinadearte.com\/es\/wp-json\/wp\/v2\/posts\/29908\/revisions"}],"predecessor-version":[{"id":29979,"href":"https:\/\/www.oficinadearte.com\/es\/wp-json\/wp\/v2\/posts\/29908\/revisions\/29979"}],"wp:featuredmedia":[{"embeddable":true,"href":"https:\/\/www.oficinadearte.com\/es\/wp-json\/wp\/v2\/media\/29913"}],"wp:attachment":[{"href":"https:\/\/www.oficinadearte.com\/es\/wp-json\/wp\/v2\/media?parent=29908"}],"wp:term":[{"taxonomy":"category","embeddable":true,"href":"https:\/\/www.oficinadearte.com\/es\/wp-json\/wp\/v2\/categories?post=29908"},{"taxonomy":"post_tag","embeddable":true,"href":"https:\/\/www.oficinadearte.com\/es\/wp-json\/wp\/v2\/tags?post=29908"}],"curies":[{"name":"wp","href":"https:\/\/api.w.org\/{rel}","templated":true}]}}