{"id":30060,"date":"2019-01-17T22:39:13","date_gmt":"2019-01-17T21:39:13","guid":{"rendered":"https:\/\/www.oficinadearte.com\/?p=30060"},"modified":"2019-01-17T22:39:49","modified_gmt":"2019-01-17T21:39:49","slug":"diseno-de-espacios-tabala","status":"publish","type":"post","link":"https:\/\/www.oficinadearte.com\/es\/diseno-de-espacios-tabala\/","title":{"rendered":"Dise\u00f1o de espacios de Tabal\u00e1 taberna ib\u00e9rica"},"content":{"rendered":"<div class=\"wpb-content-wrapper\"><p>[vc_row][vc_column][vc_row_inner][vc_column_inner]<div class=\"clearboth\"><\/div><style>#thegem-divider-69f5583520933 {margin-bottom: 40px !important;}<\/style><div id=\"thegem-divider-69f5583520933\" class=\"gem-divider  \" style=\"\" ><\/div>[\/vc_column_inner][\/vc_row_inner][\/vc_column][\/vc_row][vc_row][vc_column width=\u00bb2\/3&#8243;][vc_column_text]<\/p>\n<h1>Dise\u00f1o de espacios de Tabal\u00e1 taberna ib\u00e9rica_<\/h1>\n<p>[\/vc_column_text][vc_single_image image=\u00bb26091&#8243; img_size=\u00bbfull\u00bb alignment=\u00bbcenter\u00bb css=\u00bb.vc_custom_1547759122569{padding-top: 10px !important;padding-bottom: 10px !important;}\u00bb][vc_column_text]<strong>Oficina de Arte ha participado en el dise\u00f1o de espacios de Tabal\u00e1,<\/strong> de la mano del <strong>arquitecto<\/strong> <strong>Jos\u00e9 Manuel Peinado<\/strong> y el <strong>equipo de marketing de Embutidos Jabugo.<\/strong> Se trata de una taberna ib\u00e9rica especializada en <strong>productos ib\u00e9ricos de la marca Cuyar.<\/strong> Con una oferta gastron\u00f3mica de alta calidad, moderna y actual a la vez que tradicional.[\/vc_column_text][vc_column_text]Si algo hay en Sevilla son bares, tabernas y restaurantes. De hecho, la zona donde se ubica Tabal\u00e1, <strong>la Buhaira, es uno de los barrios con m\u00e1s bares por metro cuadrado.<\/strong><\/p>\n<p>Por eso, el primer factor clave en el dise\u00f1o de este restaurante fue enfatizar su personalidad y buscar la diferenciaci\u00f3n, con el fin de desmarcarlo de la competencia.<\/p>\n<p>En este sentido, lo ten\u00edamos claro. El nombre elegido para el establecimiento ya dec\u00eda mucho. En la Sierra de Aroche, llaman <strong>Tabal\u00e1 a una loncha de jam\u00f3n encima de una rebanada de pan.<\/strong><\/p>\n<p>Por ello, deb\u00edamos hacer confluir un interiorismo que destacara el producto estrella de Tabal\u00e1: <strong>el producto ib\u00e9rico de la marca <a href=\"https:\/\/www.embutidosjabugo.com\/\">Cuyar<\/a>, que se degusta solo en esta taberna de forma exclusiva.<\/strong>[\/vc_column_text][vc_single_image image=\u00bb30073&#8243; img_size=\u00bbfull\u00bb alignment=\u00bbcenter\u00bb css=\u00bb.vc_custom_1547757596463{padding-top: 10px !important;padding-bottom: 10px !important;}\u00bb][vc_column_text css=\u00bb.vc_custom_1547760780137{padding-top: 20px !important;}\u00bb]<\/p>\n<h2>Dise\u00f1o de espacios de Tabal\u00e1 inspirados en la Dehesa_<\/h2>\n<p>[\/vc_column_text][vc_column_text]Por supuesto, hab\u00eda que conocer el negocio a la perfecci\u00f3n y analizar el entorno particular en el que se mover\u00eda la taberna. Tambi\u00e9n a la competencia directa, el target o tipo de cliente al que nos dirigimos: <strong>un p\u00fablico objetivo comprendido entre los 40 y 50 a\u00f1os con un nivel adquisitivo medio-alto.<\/strong><\/p>\n<p>En el <strong>dise\u00f1o de restaurantes<\/strong>, hay que tener muy en cuenta cada uno de los <strong>atributos de la cocina<\/strong> para poderlos transmitir as\u00ed al cliente. Solo comunicando esos rasgos, que hacen diferente a cada establecimiento, pod\u00edamos conectar con el p\u00fablico de la taberna.[\/vc_column_text][vc_single_image image=\u00bb30066&#8243; img_size=\u00bbfull\u00bb alignment=\u00bbcenter\u00bb css=\u00bb.vc_custom_1547756524537{padding-top: 10px !important;padding-bottom: 10px !important;}\u00bb][vc_column_text css=\u00bb.vc_custom_1547753289402{padding-top: 20px !important;}\u00bb]<\/p>\n<h2>Una taberna con personalidad gastron\u00f3mica_<\/h2>\n<p>[\/vc_column_text][vc_column_text]Era muy importante que <strong>la taberna reflejara la personalidad de su cocina.<\/strong> Las tapas de Tabal\u00e1 se elaboran con materia prima de la zona. Productos tradicionales de la Sierra de Huelva, como las carnes de cerdo ib\u00e9rico o de Retinto, o las hortalizas de Los Palacios y Villafranca.<\/p>\n<p>Y as\u00ed lo plasmamos en el dise\u00f1o de este establecimiento mediante materiales y colores. Pero tambi\u00e9n con elementos decorativos como <strong>las acuarelas de <a href=\"\/?page_id=25343\">Alejandro Mogollo<\/a><\/strong> o fotograf\u00edas creativas a gran formato de productos ib\u00e9ricos, el mobiliario, la distribuci\u00f3n de sala\u2026<\/p>\n<p>El <strong>dise\u00f1o de espacios de Tabal\u00e1 sigue una est\u00e9tica contempor\u00e1nea<\/strong> que se aleja del tradicional mes\u00f3n serrano. Sin embargo, presenta referencias a las tabernas de toda la vida, como son los colores en las maderas, los elementos de lat\u00f3n, los estribos en la barra.[\/vc_column_text][vc_single_image image=\u00bb30076&#8243; img_size=\u00bbfull\u00bb alignment=\u00bbcenter\u00bb css=\u00bb.vc_custom_1547758778034{padding-top: 10px !important;padding-bottom: 10px !important;}\u00bb][vc_column_text css=\u00bb.vc_custom_1547753390500{padding-top: 20px !important;}\u00bb]<\/p>\n<h2>Confortabilidad en el dise\u00f1o de espacios de Tabal\u00e1_<\/h2>\n<p>[\/vc_column_text][vc_column_text]Para Oficina de Arte la confortabilidad de la taberna, tanto para sus clientes como para el equipo que trabaja en ella, ha sido una partida de obligada atenci\u00f3n. En este sentido, hemos tenido muy en cuenta factores como el aislamiento ac\u00fastico, la climatizaci\u00f3n, la renovaci\u00f3n del aire y la iluminaci\u00f3n.<\/p>\n<p>Para reducir las molestias del ruido interior y los humos, se seleccionaron los<strong> materiales por su absorci\u00f3n ac\u00fastica.<\/strong> Adem\u00e1s aprovechamos la altura total del local, <strong>para dejar a la vista los conductos del aire acondicionado,<\/strong> t\u00edpico de los lofts neoyorquinos dise\u00f1ados bajo la influencia de un estilo industrial. Por otra parte, creamos una atm\u00f3sfera m\u00e1s c\u00e1lida al bajar el plano de luz, mediante el empleo de <strong>l\u00e1mparas descolgadas de acero.<\/strong><\/p>\n<p>Asimismo, tenemos que resaltar el lugar privilegiado detr\u00e1s de la barra para la vitrina expositora de uno de los productos estrella de Tabal\u00e1: <strong>los exquisitos jamones de Cuyar Jabugo.<\/strong> Tampoco podemos pasar por alto su <strong>selecta bodega.<\/strong>[\/vc_column_text][vc_single_image image=\u00bb30070&#8243; img_size=\u00bbfull\u00bb alignment=\u00bbcenter\u00bb css=\u00bb.vc_custom_1547756928044{padding-top: 10px !important;padding-bottom: 10px !important;}\u00bb][vc_column_text css=\u00bb.vc_custom_1547753446654{padding-top: 20px !important;}\u00bb]<\/p>\n<h2>Dise\u00f1o de espacios pensados en la experiencia del cliente_<\/h2>\n<p>[\/vc_column_text][vc_column_text]Hoy d\u00eda conseguir que un cliente vaya a un restaurante u otro puede ser cuesti\u00f3n de suerte, pues a un solo clic puede comparar r\u00e1pidamente varios establecimientos.<\/p>\n<p>Sin embargo, en <a href=\"https:\/\/www.oficinadearte.com\/es\/\"><strong>Oficina de Arte<\/strong><\/a> estamos convencidos que se trata de peque\u00f1os detalles. En ocasiones el mobiliario del restaurante no est\u00e1 alineado con el tipo de cocina, con su target o con la funcionalidad del mismo.<\/p>\n<p><strong>El dise\u00f1o de espacios de Tabal\u00e1 ha girado en torno a la experiencia del cliente.<\/strong> Pensando en la clientela, se han creado distintos espacios y atm\u00f3sferas. De este modo, los comensales pueden tapear en la larga barra de m\u00e1s de 15 metros, en mesas altas, mesas interiores o terraza exterior.<\/p>\n<p>En definitiva, <strong>Tabal\u00e1 es una taberna \u00fanica que trae a la mesa las delicias de la dehesa.<\/strong>[\/vc_column_text][vc_single_image image=\u00bb26061&#8243; img_size=\u00bbfull\u00bb alignment=\u00bbcenter\u00bb css=\u00bb.vc_custom_1547759156946{padding-top: 10px !important;padding-bottom: 10px !important;}\u00bb][vc_column_text css=\u00bb.vc_custom_1547753527023{padding-top: 20px !important;}\u00bb]<\/p>\n<h2>Dise\u00f1o web para Tabal\u00e1_<\/h2>\n<p>[\/vc_column_text][vc_column_text]Adem\u00e1s del asesoramiento en el dise\u00f1o de espacios del local, Oficina de Arte ha trabajado en el dise\u00f1o de mobiliario, decoraci\u00f3n, imagen corporativa, cartas de men\u00fa&#8230; Culminamos nuestro trabajo con la <strong>web responsive de Tabal\u00e1,<\/strong> que incluye dise\u00f1o, fotograf\u00edas, copywriting&#8230;<\/p>\n<p>Vis\u00edtala en\u00a0<strong><a href=\"https:\/\/www.tabernastabala.com\/\">tabernastabala.com<\/a><\/strong>[\/vc_column_text][vc_single_image image=\u00bb30063&#8243; img_size=\u00bbfull\u00bb alignment=\u00bbcenter\u00bb css=\u00bb.vc_custom_1547756078433{padding-top: 10px !important;padding-bottom: 10px !important;}\u00bb][\/vc_column][vc_column width=\u00bb1\/3&#8243;][vc_widget_sidebar sidebar_id=\u00bbpage-sidebar\u00bb][\/vc_column][\/vc_row]<\/p>\n<\/div>","protected":false},"excerpt":{"rendered":"<p>Oficina de Arte ha participado en el dise\u00f1o de espacios de Tabal\u00e1, de la mano del arquitecto Jos\u00e9 Manuel Peinado y el equipo de marketing de Embutidos Jabugo. Se trata de una taberna ib\u00e9rica especializada en productos ib\u00e9ricos de la marca Cuyar. Con una oferta gastron\u00f3mica de alta calidad, moderna y actual a la vez que tradicional.<\/p>\n","protected":false},"author":3,"featured_media":26075,"comment_status":"open","ping_status":"open","sticky":false,"template":"","format":"standard","meta":{"footnotes":""},"categories":[130,111,113,112],"tags":[],"class_list":{"0":"post-30060","1":"post","2":"type-post","3":"status-publish","4":"format-standard","5":"has-post-thumbnail","7":"category-espacios","8":"category-identidad-corporativa","9":"category-publicidad","10":"category-web"},"yoast_head":"<!-- This site is optimized with the Yoast SEO plugin v26.6 - https:\/\/yoast.com\/wordpress\/plugins\/seo\/ -->\n<title>Dise\u00f1o de espacios de Tabal\u00e1 taberna ib\u00e9rica | Oficina de Arte<\/title>\n<meta name=\"description\" content=\"Oficina de Arte part\u00edcipe en el dise\u00f1o de espacios de Tabal\u00e1, de la mano del arquitecto Jos\u00e9 Manuel Peinado y el equipo de marketing de Embutidos Jabugo.\" \/>\n<meta name=\"robots\" content=\"index, follow, max-snippet:-1, max-image-preview:large, max-video-preview:-1\" \/>\n<link rel=\"canonical\" href=\"https:\/\/www.oficinadearte.com\/es\/diseno-de-espacios-tabala\/\" \/>\n<meta property=\"og:locale\" content=\"es_ES\" \/>\n<meta property=\"og:type\" content=\"article\" \/>\n<meta property=\"og:title\" content=\"Dise\u00f1o de espacios de Tabal\u00e1 taberna ib\u00e9rica | Oficina de Arte\" \/>\n<meta property=\"og:description\" content=\"Oficina de Arte part\u00edcipe en el dise\u00f1o de espacios de Tabal\u00e1, de la mano del arquitecto Jos\u00e9 Manuel Peinado y el equipo de marketing de Embutidos Jabugo.\" \/>\n<meta property=\"og:url\" content=\"https:\/\/www.oficinadearte.com\/es\/diseno-de-espacios-tabala\/\" \/>\n<meta property=\"og:site_name\" content=\"Oficina de Arte\" \/>\n<meta property=\"article:published_time\" content=\"2019-01-17T21:39:13+00:00\" \/>\n<meta property=\"article:modified_time\" content=\"2019-01-17T21:39:49+00:00\" \/>\n<meta property=\"og:image\" content=\"https:\/\/www.oficinadearte.com\/wp-content\/uploads\/2018\/03\/colpub_tabala07.jpg\" \/>\n\t<meta property=\"og:image:width\" content=\"700\" \/>\n\t<meta property=\"og:image:height\" content=\"484\" \/>\n\t<meta property=\"og:image:type\" content=\"image\/jpeg\" \/>\n<meta name=\"author\" content=\"Redacci\u00f3n\" \/>\n<meta name=\"twitter:card\" content=\"summary_large_image\" \/>\n<meta name=\"twitter:label1\" content=\"Escrito por\" \/>\n\t<meta name=\"twitter:data1\" content=\"Redacci\u00f3n\" \/>\n\t<meta name=\"twitter:label2\" content=\"Tiempo de lectura\" \/>\n\t<meta name=\"twitter:data2\" content=\"6 minutos\" \/>\n<script type=\"application\/ld+json\" class=\"yoast-schema-graph\">{\"@context\":\"https:\/\/schema.org\",\"@graph\":[{\"@type\":\"WebPage\",\"@id\":\"https:\/\/www.oficinadearte.com\/es\/diseno-de-espacios-tabala\/\",\"url\":\"https:\/\/www.oficinadearte.com\/es\/diseno-de-espacios-tabala\/\",\"name\":\"Dise\u00f1o de espacios de Tabal\u00e1 taberna ib\u00e9rica | Oficina de Arte\",\"isPartOf\":{\"@id\":\"https:\/\/www.oficinadearte.com\/es\/#website\"},\"primaryImageOfPage\":{\"@id\":\"https:\/\/www.oficinadearte.com\/es\/diseno-de-espacios-tabala\/#primaryimage\"},\"image\":{\"@id\":\"https:\/\/www.oficinadearte.com\/es\/diseno-de-espacios-tabala\/#primaryimage\"},\"thumbnailUrl\":\"https:\/\/www.oficinadearte.com\/wp-content\/uploads\/2018\/03\/colpub_tabala07.jpg\",\"datePublished\":\"2019-01-17T21:39:13+00:00\",\"dateModified\":\"2019-01-17T21:39:49+00:00\",\"author\":{\"@id\":\"https:\/\/www.oficinadearte.com\/es\/#\/schema\/person\/9f461da2dfe10c8213d04a4b8dda5b59\"},\"description\":\"Oficina de Arte part\u00edcipe en el dise\u00f1o de espacios de Tabal\u00e1, de la mano del arquitecto Jos\u00e9 Manuel Peinado y el equipo de marketing de Embutidos Jabugo.\",\"breadcrumb\":{\"@id\":\"https:\/\/www.oficinadearte.com\/es\/diseno-de-espacios-tabala\/#breadcrumb\"},\"inLanguage\":\"es\",\"potentialAction\":[{\"@type\":\"ReadAction\",\"target\":[\"https:\/\/www.oficinadearte.com\/es\/diseno-de-espacios-tabala\/\"]}]},{\"@type\":\"ImageObject\",\"inLanguage\":\"es\",\"@id\":\"https:\/\/www.oficinadearte.com\/es\/diseno-de-espacios-tabala\/#primaryimage\",\"url\":\"https:\/\/www.oficinadearte.com\/wp-content\/uploads\/2018\/03\/colpub_tabala07.jpg\",\"contentUrl\":\"https:\/\/www.oficinadearte.com\/wp-content\/uploads\/2018\/03\/colpub_tabala07.jpg\",\"width\":700,\"height\":484,\"caption\":\"Tabal\u00e1\"},{\"@type\":\"BreadcrumbList\",\"@id\":\"https:\/\/www.oficinadearte.com\/es\/diseno-de-espacios-tabala\/#breadcrumb\",\"itemListElement\":[{\"@type\":\"ListItem\",\"position\":1,\"name\":\"Portada\",\"item\":\"https:\/\/www.oficinadearte.com\/es\/\"},{\"@type\":\"ListItem\",\"position\":2,\"name\":\"Dise\u00f1o de espacios de Tabal\u00e1 taberna ib\u00e9rica\"}]},{\"@type\":\"WebSite\",\"@id\":\"https:\/\/www.oficinadearte.com\/es\/#website\",\"url\":\"https:\/\/www.oficinadearte.com\/es\/\",\"name\":\"Oficina de Arte\",\"description\":\"Agencia de Dise\u00f1o Gr\u00e1fico\",\"potentialAction\":[{\"@type\":\"SearchAction\",\"target\":{\"@type\":\"EntryPoint\",\"urlTemplate\":\"https:\/\/www.oficinadearte.com\/es\/?s={search_term_string}\"},\"query-input\":{\"@type\":\"PropertyValueSpecification\",\"valueRequired\":true,\"valueName\":\"search_term_string\"}}],\"inLanguage\":\"es\"},{\"@type\":\"Person\",\"@id\":\"https:\/\/www.oficinadearte.com\/es\/#\/schema\/person\/9f461da2dfe10c8213d04a4b8dda5b59\",\"name\":\"Redacci\u00f3n\",\"image\":{\"@type\":\"ImageObject\",\"inLanguage\":\"es\",\"@id\":\"https:\/\/www.oficinadearte.com\/es\/#\/schema\/person\/image\/\",\"url\":\"https:\/\/secure.gravatar.com\/avatar\/3619530100c567f86f3c26573a234537b1bbea46c953d65a3dfbc0feb52b1c9d?s=96&d=mm&r=g\",\"contentUrl\":\"https:\/\/secure.gravatar.com\/avatar\/3619530100c567f86f3c26573a234537b1bbea46c953d65a3dfbc0feb52b1c9d?s=96&d=mm&r=g\",\"caption\":\"Redacci\u00f3n\"},\"url\":\"https:\/\/www.oficinadearte.com\/es\/author\/inma-tenor\/\"}]}<\/script>\n<!-- \/ Yoast SEO plugin. -->","yoast_head_json":{"title":"Dise\u00f1o de espacios de Tabal\u00e1 taberna ib\u00e9rica | Oficina de Arte","description":"Oficina de Arte part\u00edcipe en el dise\u00f1o de espacios de Tabal\u00e1, de la mano del arquitecto Jos\u00e9 Manuel Peinado y el equipo de marketing de Embutidos Jabugo.","robots":{"index":"index","follow":"follow","max-snippet":"max-snippet:-1","max-image-preview":"max-image-preview:large","max-video-preview":"max-video-preview:-1"},"canonical":"https:\/\/www.oficinadearte.com\/es\/diseno-de-espacios-tabala\/","og_locale":"es_ES","og_type":"article","og_title":"Dise\u00f1o de espacios de Tabal\u00e1 taberna ib\u00e9rica | Oficina de Arte","og_description":"Oficina de Arte part\u00edcipe en el dise\u00f1o de espacios de Tabal\u00e1, de la mano del arquitecto Jos\u00e9 Manuel Peinado y el equipo de marketing de Embutidos Jabugo.","og_url":"https:\/\/www.oficinadearte.com\/es\/diseno-de-espacios-tabala\/","og_site_name":"Oficina de Arte","article_published_time":"2019-01-17T21:39:13+00:00","article_modified_time":"2019-01-17T21:39:49+00:00","og_image":[{"width":700,"height":484,"url":"https:\/\/www.oficinadearte.com\/wp-content\/uploads\/2018\/03\/colpub_tabala07.jpg","type":"image\/jpeg"}],"author":"Redacci\u00f3n","twitter_card":"summary_large_image","twitter_misc":{"Escrito por":"Redacci\u00f3n","Tiempo de lectura":"6 minutos"},"schema":{"@context":"https:\/\/schema.org","@graph":[{"@type":"WebPage","@id":"https:\/\/www.oficinadearte.com\/es\/diseno-de-espacios-tabala\/","url":"https:\/\/www.oficinadearte.com\/es\/diseno-de-espacios-tabala\/","name":"Dise\u00f1o de espacios de Tabal\u00e1 taberna ib\u00e9rica | Oficina de Arte","isPartOf":{"@id":"https:\/\/www.oficinadearte.com\/es\/#website"},"primaryImageOfPage":{"@id":"https:\/\/www.oficinadearte.com\/es\/diseno-de-espacios-tabala\/#primaryimage"},"image":{"@id":"https:\/\/www.oficinadearte.com\/es\/diseno-de-espacios-tabala\/#primaryimage"},"thumbnailUrl":"https:\/\/www.oficinadearte.com\/wp-content\/uploads\/2018\/03\/colpub_tabala07.jpg","datePublished":"2019-01-17T21:39:13+00:00","dateModified":"2019-01-17T21:39:49+00:00","author":{"@id":"https:\/\/www.oficinadearte.com\/es\/#\/schema\/person\/9f461da2dfe10c8213d04a4b8dda5b59"},"description":"Oficina de Arte part\u00edcipe en el dise\u00f1o de espacios de Tabal\u00e1, de la mano del arquitecto Jos\u00e9 Manuel Peinado y el equipo de marketing de Embutidos Jabugo.","breadcrumb":{"@id":"https:\/\/www.oficinadearte.com\/es\/diseno-de-espacios-tabala\/#breadcrumb"},"inLanguage":"es","potentialAction":[{"@type":"ReadAction","target":["https:\/\/www.oficinadearte.com\/es\/diseno-de-espacios-tabala\/"]}]},{"@type":"ImageObject","inLanguage":"es","@id":"https:\/\/www.oficinadearte.com\/es\/diseno-de-espacios-tabala\/#primaryimage","url":"https:\/\/www.oficinadearte.com\/wp-content\/uploads\/2018\/03\/colpub_tabala07.jpg","contentUrl":"https:\/\/www.oficinadearte.com\/wp-content\/uploads\/2018\/03\/colpub_tabala07.jpg","width":700,"height":484,"caption":"Tabal\u00e1"},{"@type":"BreadcrumbList","@id":"https:\/\/www.oficinadearte.com\/es\/diseno-de-espacios-tabala\/#breadcrumb","itemListElement":[{"@type":"ListItem","position":1,"name":"Portada","item":"https:\/\/www.oficinadearte.com\/es\/"},{"@type":"ListItem","position":2,"name":"Dise\u00f1o de espacios de Tabal\u00e1 taberna ib\u00e9rica"}]},{"@type":"WebSite","@id":"https:\/\/www.oficinadearte.com\/es\/#website","url":"https:\/\/www.oficinadearte.com\/es\/","name":"Oficina de Arte","description":"Agencia de Dise\u00f1o Gr\u00e1fico","potentialAction":[{"@type":"SearchAction","target":{"@type":"EntryPoint","urlTemplate":"https:\/\/www.oficinadearte.com\/es\/?s={search_term_string}"},"query-input":{"@type":"PropertyValueSpecification","valueRequired":true,"valueName":"search_term_string"}}],"inLanguage":"es"},{"@type":"Person","@id":"https:\/\/www.oficinadearte.com\/es\/#\/schema\/person\/9f461da2dfe10c8213d04a4b8dda5b59","name":"Redacci\u00f3n","image":{"@type":"ImageObject","inLanguage":"es","@id":"https:\/\/www.oficinadearte.com\/es\/#\/schema\/person\/image\/","url":"https:\/\/secure.gravatar.com\/avatar\/3619530100c567f86f3c26573a234537b1bbea46c953d65a3dfbc0feb52b1c9d?s=96&d=mm&r=g","contentUrl":"https:\/\/secure.gravatar.com\/avatar\/3619530100c567f86f3c26573a234537b1bbea46c953d65a3dfbc0feb52b1c9d?s=96&d=mm&r=g","caption":"Redacci\u00f3n"},"url":"https:\/\/www.oficinadearte.com\/es\/author\/inma-tenor\/"}]}},"menu_order":0,"_links":{"self":[{"href":"https:\/\/www.oficinadearte.com\/es\/wp-json\/wp\/v2\/posts\/30060","targetHints":{"allow":["GET"]}}],"collection":[{"href":"https:\/\/www.oficinadearte.com\/es\/wp-json\/wp\/v2\/posts"}],"about":[{"href":"https:\/\/www.oficinadearte.com\/es\/wp-json\/wp\/v2\/types\/post"}],"author":[{"embeddable":true,"href":"https:\/\/www.oficinadearte.com\/es\/wp-json\/wp\/v2\/users\/3"}],"replies":[{"embeddable":true,"href":"https:\/\/www.oficinadearte.com\/es\/wp-json\/wp\/v2\/comments?post=30060"}],"version-history":[{"count":11,"href":"https:\/\/www.oficinadearte.com\/es\/wp-json\/wp\/v2\/posts\/30060\/revisions"}],"predecessor-version":[{"id":30083,"href":"https:\/\/www.oficinadearte.com\/es\/wp-json\/wp\/v2\/posts\/30060\/revisions\/30083"}],"wp:featuredmedia":[{"embeddable":true,"href":"https:\/\/www.oficinadearte.com\/es\/wp-json\/wp\/v2\/media\/26075"}],"wp:attachment":[{"href":"https:\/\/www.oficinadearte.com\/es\/wp-json\/wp\/v2\/media?parent=30060"}],"wp:term":[{"taxonomy":"category","embeddable":true,"href":"https:\/\/www.oficinadearte.com\/es\/wp-json\/wp\/v2\/categories?post=30060"},{"taxonomy":"post_tag","embeddable":true,"href":"https:\/\/www.oficinadearte.com\/es\/wp-json\/wp\/v2\/tags?post=30060"}],"curies":[{"name":"wp","href":"https:\/\/api.w.org\/{rel}","templated":true}]}}