{"id":30100,"date":"2019-02-03T21:19:30","date_gmt":"2019-02-03T20:19:30","guid":{"rendered":"https:\/\/www.oficinadearte.com\/?p=30100"},"modified":"2019-02-03T21:19:30","modified_gmt":"2019-02-03T20:19:30","slug":"cierre-de-google","status":"publish","type":"post","link":"https:\/\/www.oficinadearte.com\/es\/cierre-de-google\/","title":{"rendered":"El cierre de Google+ ser\u00e1 el pr\u00f3ximo 2 de abril de 2019"},"content":{"rendered":"<div class=\"wpb-content-wrapper\"><p>[vc_row][vc_column][vc_row_inner][vc_column_inner]<div class=\"clearboth\"><\/div><style>#thegem-divider-69f56f29a2190 {margin-bottom: 40px !important;}<\/style><div id=\"thegem-divider-69f56f29a2190\" class=\"gem-divider  \" style=\"\" ><\/div>[\/vc_column_inner][\/vc_row_inner][\/vc_column][\/vc_row][vc_row][vc_column width=\u00bb2\/3&#8243;][vc_column_text]<\/p>\n<h1>El cierre de Google+ ser\u00e1 el pr\u00f3ximo 2 de abril de 2019_<\/h1>\n<p>[\/vc_column_text][vc_single_image image=\u00bb30107&#8243; img_size=\u00bbfull\u00bb alignment=\u00bbcenter\u00bb css=\u00bb.vc_custom_1549222583362{padding-top: 10px !important;padding-bottom: 10px !important;}\u00bb][vc_column_text]Esto s\u00ed que es la cr\u00f3nica de una muerte anunciada. \u26b0 Ya el pasado mes de diciembre de 2018, se anunci\u00f3 que el cierre de Google+ ser\u00eda en abril de 2019, por \u201csu escaso uso y debido a las dificultades que supone mantener el producto al nivel que esperan los usuarios\u201d. Por lo que <strong>a partir del pr\u00f3ximo 2 de abril, tu cuenta y las nuestras dejar\u00e1n de estar disponibles.<\/strong> \u00bfQu\u00e9 tenemos que hacer hasta entonces? Te lo contamos en este post.[\/vc_column_text][vc_column_text]Desde el <strong>4 de febrero,<\/strong> ya no se podr\u00e1n crear nuevos perfiles, p\u00e1ginas, comunidades ni eventos en Google+.<br \/>\nEl pr\u00f3ximo <strong>2 de abril,<\/strong> nuestras cuentas de Google+ as\u00ed como todas las p\u00e1ginas se cerrar\u00e1n y se comenzar\u00e1 a eliminar su contenido. Solo podremos descargar y guardar el contenido si lo hacemos antes de abril.<br \/>\nTambi\u00e9n se eliminar\u00e1n las fotos y los v\u00eddeos de Google+ del archivo de \u00e1lbumes y de las p\u00e1ginas. Sin embargo, <strong>las fotos y los v\u00eddeos que tengan copia de seguridad en Google Fotos no se eliminar\u00e1n.<\/strong> Ups\u2026[\/vc_column_text][vc_single_image image=\u00bb30110&#8243; img_size=\u00bbfull\u00bb alignment=\u00bbcenter\u00bb css=\u00bb.vc_custom_1549223429566{padding-top: 10px !important;padding-bottom: 10px !important;}\u00bb][vc_column_text css=\u00bb.vc_custom_1549220562402{padding-top: 20px !important;}\u00bb]<\/p>\n<h2>Descarga tu contenido antes del cierre de Google+_<\/h2>\n<p>[\/vc_column_text][vc_column_text]As\u00ed que si tienes material importante que conservar, es hora de que te pongas manos a la obra. \u201cEl proceso de eliminaci\u00f3n del contenido de las cuentas, las p\u00e1ginas y el archivo de \u00e1lbumes de usuarios particulares llevar\u00e1 algunos meses y, hasta entonces, puede que el contenido est\u00e9 disponible\u201d, informa Google.<br \/>\nPor otra parte, <strong>si eres propietario o moderador de una comunidad de Google+<\/strong>, podr\u00e1s descargar y guardar los datos de tu comunidad. <strong>En marzo de 2019, Google dar\u00e1 explicaciones de c\u00f3mo descargar la informaci\u00f3n<\/strong> de todas las publicaciones de una comunidad p\u00fablica, incluidos el autor, el texto y las fotos.[\/vc_column_text][vc_column_text css=\u00bb.vc_custom_1549220591450{padding-top: 20px !important;}\u00bb]<\/p>\n<h2>Recomendaciones antes del cierre de Google+_<\/h2>\n<p>[\/vc_column_text][vc_column_text]Con tal motivo, desde ahora y hasta el momento del cierre de Google+, es conveniente de que <strong>informemos a nuestros seguidores de d\u00f3nde pueden ver nuestro contenido fuera de esta red social.<\/strong> Quiz\u00e1s sea una buena idea crear una publicaci\u00f3n con informaci\u00f3n sobre el sitio web, blog, canales de redes sociales u otras formas de mantenerse en contacto.[\/vc_column_text][vc_single_image image=\u00bb30113&#8243; img_size=\u00bbfull\u00bb alignment=\u00bbcenter\u00bb css=\u00bb.vc_custom_1549224047595{padding-top: 10px !important;padding-bottom: 10px !important;}\u00bb][vc_column_text css=\u00bb.vc_custom_1549220069493{padding-top: 20px !important;}\u00bb]<\/p>\n<h2>D\u00f3nde seguir a Oficina de Arte y Empacke_<\/h2>\n<p>[\/vc_column_text][vc_column_text]En lo que se refiere a Oficina de Arte y Empacke, puedes seguirnos en las dem\u00e1s redes sociales y mantenerte informado de nuestras novedades mediante las publicaciones de art\u00edculos en los blogs de sendas webs.<\/p>\n<p>Estos son nuestros enlaces:<\/p>\n<ul>\n<li><strong>Web Oficina de Arte: <a href=\"http:\/\/www.oficinadearte.com\">www.oficinadearte.com<\/a><\/strong><\/li>\n<li><strong>Blog: <a href=\"\/?page_id=26366\">Magazine de la comunicaci\u00f3n gr\u00e1fica<\/a><\/strong><\/li>\n<li><strong>Redes sociales: <a href=\"https:\/\/www.facebook.com\/oficinadearteycomunicacion\">Facebook<\/a>, <a href=\"https:\/\/www.instagram.com\/oficinadearte_oa\/\">Instagram<\/a>, <a href=\"https:\/\/twitter.com\/OficinadearteOA\">Twitter<\/a>, <a href=\"https:\/\/www.linkedin.com\/company\/oficina-de-arte-y-comunicacion\/\">Linkedin<\/a>, <a href=\"https:\/\/www.pinterest.es\/oficinadearteycomunicacin\/\">Pinterest<\/a>\u00a0<\/strong>y<strong><a href=\"https:\/\/www.youtube.com\/channel\/UCi2UuLWduY0J9TYtqTkyaKg\">Youtube<\/a>.<\/strong><\/li>\n<\/ul>\n<hr \/>\n<ul>\n<li><strong>Web Empacke: <a href=\"http:\/\/www.empacke.com\">www.empacke.com<\/a><\/strong><\/li>\n<li><strong>Blog:<a href=\"https:\/\/www.empacke.com\/blog-de-diseno-de-packaging-y-branding\/\"> Blog de dise\u00f1o de packaging y branding<\/a><\/strong><\/li>\n<li><strong>Redes sociales: <a href=\"https:\/\/www.facebook.com\/empacke.design\/\">Facebook<\/a>, <a href=\"https:\/\/www.instagram.com\/empacke_design\/\">Instagram<\/a>, <a href=\"https:\/\/twitter.com\/Empacke_Design\">Twitter<\/a>, <a href=\"https:\/\/www.linkedin.com\/company\/empacke\">Linkedin<\/a>, <a href=\"https:\/\/www.pinterest.es\/empacke\/\">Pinterest<\/a>\u00a0<\/strong>y<strong><a href=\"https:\/\/www.youtube.com\/channel\/UCScrPrqentjUbwIqmwMLH2Q?view_as=subscriber\">Youtube<\/a>.<\/strong><\/li>\n<\/ul>\n<p>[\/vc_column_text][vc_single_image image=\u00bb30117&#8243; img_size=\u00bbfull\u00bb alignment=\u00bbcenter\u00bb css=\u00bb.vc_custom_1549224850068{padding-top: 10px !important;padding-bottom: 10px !important;}\u00bb][\/vc_column][vc_column width=\u00bb1\/3&#8243;][vc_widget_sidebar sidebar_id=\u00bbpage-sidebar\u00bb][\/vc_column][\/vc_row]<\/p>\n<\/div>","protected":false},"excerpt":{"rendered":"<p>Esto s\u00ed que es la cr\u00f3nica de una muerte anunciada. Ya el pasado mes de diciembre de 2018, se anunci\u00f3 que el cierre de Google+ ser\u00eda en abril de 2019, por \u201csu escaso uso y debido a las dificultades que supone mantener el producto al nivel que esperan los usuarios\u201d. Por lo que a partir del pr\u00f3ximo 2 de abril, tu cuenta y las nuestras dejar\u00e1n de estar disponibles. \u00bfQu\u00e9 tenemos que hacer hasta entonces? Te lo contamos en este post.<\/p>\n","protected":false},"author":3,"featured_media":30107,"comment_status":"open","ping_status":"open","sticky":false,"template":"","format":"standard","meta":{"footnotes":""},"categories":[140,154,153],"tags":[],"class_list":{"0":"post-30100","1":"post","2":"type-post","3":"status-publish","4":"format-standard","5":"has-post-thumbnail","7":"category-corporativo","8":"category-creacion-de-contenidos","9":"category-redes-sociales"},"yoast_head":"<!-- This site is optimized with the Yoast SEO plugin v26.6 - https:\/\/yoast.com\/wordpress\/plugins\/seo\/ -->\n<title>El cierre de Google+ ser\u00e1 el pr\u00f3ximo 2 de abril de 2019 \u26b0| Oficina de Arte<\/title>\n<meta name=\"description\" content=\"Esto s\u00ed que es la cr\u00f3nica de una muerte anunciada. \u26b0 El cierre de Google+ ser\u00e1 el pr\u00f3ximo 2 de abril de 2019, por \u201csu escaso uso&quot;. Inf\u00f3rmate en este post.\" \/>\n<meta name=\"robots\" content=\"index, follow, max-snippet:-1, max-image-preview:large, max-video-preview:-1\" \/>\n<link rel=\"canonical\" href=\"https:\/\/www.oficinadearte.com\/es\/cierre-de-google\/\" \/>\n<meta property=\"og:locale\" content=\"es_ES\" \/>\n<meta property=\"og:type\" content=\"article\" \/>\n<meta property=\"og:title\" content=\"El cierre de Google+ ser\u00e1 el pr\u00f3ximo 2 de abril de 2019 \u26b0| Oficina de Arte\" \/>\n<meta property=\"og:description\" content=\"Esto s\u00ed que es la cr\u00f3nica de una muerte anunciada. \u26b0 El cierre de Google+ ser\u00e1 el pr\u00f3ximo 2 de abril de 2019, por \u201csu escaso uso&quot;. Inf\u00f3rmate en este post.\" \/>\n<meta property=\"og:url\" content=\"https:\/\/www.oficinadearte.com\/es\/cierre-de-google\/\" \/>\n<meta property=\"og:site_name\" content=\"Oficina de Arte\" \/>\n<meta property=\"article:published_time\" content=\"2019-02-03T20:19:30+00:00\" \/>\n<meta property=\"og:image\" content=\"https:\/\/www.oficinadearte.com\/wp-content\/uploads\/2019\/02\/googleoficinadearte-1.jpg\" \/>\n\t<meta property=\"og:image:width\" content=\"900\" \/>\n\t<meta property=\"og:image:height\" content=\"600\" \/>\n\t<meta property=\"og:image:type\" content=\"image\/jpeg\" \/>\n<meta name=\"author\" content=\"Redacci\u00f3n\" \/>\n<meta name=\"twitter:card\" content=\"summary_large_image\" \/>\n<meta name=\"twitter:label1\" content=\"Escrito por\" \/>\n\t<meta name=\"twitter:data1\" content=\"Redacci\u00f3n\" \/>\n\t<meta name=\"twitter:label2\" content=\"Tiempo de lectura\" \/>\n\t<meta name=\"twitter:data2\" content=\"3 minutos\" \/>\n<script type=\"application\/ld+json\" class=\"yoast-schema-graph\">{\"@context\":\"https:\/\/schema.org\",\"@graph\":[{\"@type\":\"WebPage\",\"@id\":\"https:\/\/www.oficinadearte.com\/es\/cierre-de-google\/\",\"url\":\"https:\/\/www.oficinadearte.com\/es\/cierre-de-google\/\",\"name\":\"El cierre de Google+ ser\u00e1 el pr\u00f3ximo 2 de abril de 2019 \u26b0| Oficina de Arte\",\"isPartOf\":{\"@id\":\"https:\/\/www.oficinadearte.com\/es\/#website\"},\"primaryImageOfPage\":{\"@id\":\"https:\/\/www.oficinadearte.com\/es\/cierre-de-google\/#primaryimage\"},\"image\":{\"@id\":\"https:\/\/www.oficinadearte.com\/es\/cierre-de-google\/#primaryimage\"},\"thumbnailUrl\":\"https:\/\/www.oficinadearte.com\/wp-content\/uploads\/2019\/02\/googleoficinadearte-1.jpg\",\"datePublished\":\"2019-02-03T20:19:30+00:00\",\"author\":{\"@id\":\"https:\/\/www.oficinadearte.com\/es\/#\/schema\/person\/9f461da2dfe10c8213d04a4b8dda5b59\"},\"description\":\"Esto s\u00ed que es la cr\u00f3nica de una muerte anunciada. \u26b0 El cierre de Google+ ser\u00e1 el pr\u00f3ximo 2 de abril de 2019, por \u201csu escaso uso\\\". Inf\u00f3rmate en este post.\",\"breadcrumb\":{\"@id\":\"https:\/\/www.oficinadearte.com\/es\/cierre-de-google\/#breadcrumb\"},\"inLanguage\":\"es\",\"potentialAction\":[{\"@type\":\"ReadAction\",\"target\":[\"https:\/\/www.oficinadearte.com\/es\/cierre-de-google\/\"]}]},{\"@type\":\"ImageObject\",\"inLanguage\":\"es\",\"@id\":\"https:\/\/www.oficinadearte.com\/es\/cierre-de-google\/#primaryimage\",\"url\":\"https:\/\/www.oficinadearte.com\/wp-content\/uploads\/2019\/02\/googleoficinadearte-1.jpg\",\"contentUrl\":\"https:\/\/www.oficinadearte.com\/wp-content\/uploads\/2019\/02\/googleoficinadearte-1.jpg\",\"width\":900,\"height\":600,\"caption\":\"Cierre de Google+\"},{\"@type\":\"BreadcrumbList\",\"@id\":\"https:\/\/www.oficinadearte.com\/es\/cierre-de-google\/#breadcrumb\",\"itemListElement\":[{\"@type\":\"ListItem\",\"position\":1,\"name\":\"Portada\",\"item\":\"https:\/\/www.oficinadearte.com\/es\/\"},{\"@type\":\"ListItem\",\"position\":2,\"name\":\"El cierre de Google+ ser\u00e1 el pr\u00f3ximo 2 de abril de 2019\"}]},{\"@type\":\"WebSite\",\"@id\":\"https:\/\/www.oficinadearte.com\/es\/#website\",\"url\":\"https:\/\/www.oficinadearte.com\/es\/\",\"name\":\"Oficina de Arte\",\"description\":\"Agencia de Dise\u00f1o Gr\u00e1fico\",\"potentialAction\":[{\"@type\":\"SearchAction\",\"target\":{\"@type\":\"EntryPoint\",\"urlTemplate\":\"https:\/\/www.oficinadearte.com\/es\/?s={search_term_string}\"},\"query-input\":{\"@type\":\"PropertyValueSpecification\",\"valueRequired\":true,\"valueName\":\"search_term_string\"}}],\"inLanguage\":\"es\"},{\"@type\":\"Person\",\"@id\":\"https:\/\/www.oficinadearte.com\/es\/#\/schema\/person\/9f461da2dfe10c8213d04a4b8dda5b59\",\"name\":\"Redacci\u00f3n\",\"image\":{\"@type\":\"ImageObject\",\"inLanguage\":\"es\",\"@id\":\"https:\/\/www.oficinadearte.com\/es\/#\/schema\/person\/image\/\",\"url\":\"https:\/\/secure.gravatar.com\/avatar\/3619530100c567f86f3c26573a234537b1bbea46c953d65a3dfbc0feb52b1c9d?s=96&d=mm&r=g\",\"contentUrl\":\"https:\/\/secure.gravatar.com\/avatar\/3619530100c567f86f3c26573a234537b1bbea46c953d65a3dfbc0feb52b1c9d?s=96&d=mm&r=g\",\"caption\":\"Redacci\u00f3n\"},\"url\":\"https:\/\/www.oficinadearte.com\/es\/author\/inma-tenor\/\"}]}<\/script>\n<!-- \/ Yoast SEO plugin. -->","yoast_head_json":{"title":"El cierre de Google+ ser\u00e1 el pr\u00f3ximo 2 de abril de 2019 \u26b0| Oficina de Arte","description":"Esto s\u00ed que es la cr\u00f3nica de una muerte anunciada. \u26b0 El cierre de Google+ ser\u00e1 el pr\u00f3ximo 2 de abril de 2019, por \u201csu escaso uso\". Inf\u00f3rmate en este post.","robots":{"index":"index","follow":"follow","max-snippet":"max-snippet:-1","max-image-preview":"max-image-preview:large","max-video-preview":"max-video-preview:-1"},"canonical":"https:\/\/www.oficinadearte.com\/es\/cierre-de-google\/","og_locale":"es_ES","og_type":"article","og_title":"El cierre de Google+ ser\u00e1 el pr\u00f3ximo 2 de abril de 2019 \u26b0| Oficina de Arte","og_description":"Esto s\u00ed que es la cr\u00f3nica de una muerte anunciada. \u26b0 El cierre de Google+ ser\u00e1 el pr\u00f3ximo 2 de abril de 2019, por \u201csu escaso uso\". Inf\u00f3rmate en este post.","og_url":"https:\/\/www.oficinadearte.com\/es\/cierre-de-google\/","og_site_name":"Oficina de Arte","article_published_time":"2019-02-03T20:19:30+00:00","og_image":[{"width":900,"height":600,"url":"https:\/\/www.oficinadearte.com\/wp-content\/uploads\/2019\/02\/googleoficinadearte-1.jpg","type":"image\/jpeg"}],"author":"Redacci\u00f3n","twitter_card":"summary_large_image","twitter_misc":{"Escrito por":"Redacci\u00f3n","Tiempo de lectura":"3 minutos"},"schema":{"@context":"https:\/\/schema.org","@graph":[{"@type":"WebPage","@id":"https:\/\/www.oficinadearte.com\/es\/cierre-de-google\/","url":"https:\/\/www.oficinadearte.com\/es\/cierre-de-google\/","name":"El cierre de Google+ ser\u00e1 el pr\u00f3ximo 2 de abril de 2019 \u26b0| Oficina de Arte","isPartOf":{"@id":"https:\/\/www.oficinadearte.com\/es\/#website"},"primaryImageOfPage":{"@id":"https:\/\/www.oficinadearte.com\/es\/cierre-de-google\/#primaryimage"},"image":{"@id":"https:\/\/www.oficinadearte.com\/es\/cierre-de-google\/#primaryimage"},"thumbnailUrl":"https:\/\/www.oficinadearte.com\/wp-content\/uploads\/2019\/02\/googleoficinadearte-1.jpg","datePublished":"2019-02-03T20:19:30+00:00","author":{"@id":"https:\/\/www.oficinadearte.com\/es\/#\/schema\/person\/9f461da2dfe10c8213d04a4b8dda5b59"},"description":"Esto s\u00ed que es la cr\u00f3nica de una muerte anunciada. \u26b0 El cierre de Google+ ser\u00e1 el pr\u00f3ximo 2 de abril de 2019, por \u201csu escaso uso\". Inf\u00f3rmate en este post.","breadcrumb":{"@id":"https:\/\/www.oficinadearte.com\/es\/cierre-de-google\/#breadcrumb"},"inLanguage":"es","potentialAction":[{"@type":"ReadAction","target":["https:\/\/www.oficinadearte.com\/es\/cierre-de-google\/"]}]},{"@type":"ImageObject","inLanguage":"es","@id":"https:\/\/www.oficinadearte.com\/es\/cierre-de-google\/#primaryimage","url":"https:\/\/www.oficinadearte.com\/wp-content\/uploads\/2019\/02\/googleoficinadearte-1.jpg","contentUrl":"https:\/\/www.oficinadearte.com\/wp-content\/uploads\/2019\/02\/googleoficinadearte-1.jpg","width":900,"height":600,"caption":"Cierre de Google+"},{"@type":"BreadcrumbList","@id":"https:\/\/www.oficinadearte.com\/es\/cierre-de-google\/#breadcrumb","itemListElement":[{"@type":"ListItem","position":1,"name":"Portada","item":"https:\/\/www.oficinadearte.com\/es\/"},{"@type":"ListItem","position":2,"name":"El cierre de Google+ ser\u00e1 el pr\u00f3ximo 2 de abril de 2019"}]},{"@type":"WebSite","@id":"https:\/\/www.oficinadearte.com\/es\/#website","url":"https:\/\/www.oficinadearte.com\/es\/","name":"Oficina de Arte","description":"Agencia de Dise\u00f1o Gr\u00e1fico","potentialAction":[{"@type":"SearchAction","target":{"@type":"EntryPoint","urlTemplate":"https:\/\/www.oficinadearte.com\/es\/?s={search_term_string}"},"query-input":{"@type":"PropertyValueSpecification","valueRequired":true,"valueName":"search_term_string"}}],"inLanguage":"es"},{"@type":"Person","@id":"https:\/\/www.oficinadearte.com\/es\/#\/schema\/person\/9f461da2dfe10c8213d04a4b8dda5b59","name":"Redacci\u00f3n","image":{"@type":"ImageObject","inLanguage":"es","@id":"https:\/\/www.oficinadearte.com\/es\/#\/schema\/person\/image\/","url":"https:\/\/secure.gravatar.com\/avatar\/3619530100c567f86f3c26573a234537b1bbea46c953d65a3dfbc0feb52b1c9d?s=96&d=mm&r=g","contentUrl":"https:\/\/secure.gravatar.com\/avatar\/3619530100c567f86f3c26573a234537b1bbea46c953d65a3dfbc0feb52b1c9d?s=96&d=mm&r=g","caption":"Redacci\u00f3n"},"url":"https:\/\/www.oficinadearte.com\/es\/author\/inma-tenor\/"}]}},"menu_order":0,"_links":{"self":[{"href":"https:\/\/www.oficinadearte.com\/es\/wp-json\/wp\/v2\/posts\/30100","targetHints":{"allow":["GET"]}}],"collection":[{"href":"https:\/\/www.oficinadearte.com\/es\/wp-json\/wp\/v2\/posts"}],"about":[{"href":"https:\/\/www.oficinadearte.com\/es\/wp-json\/wp\/v2\/types\/post"}],"author":[{"embeddable":true,"href":"https:\/\/www.oficinadearte.com\/es\/wp-json\/wp\/v2\/users\/3"}],"replies":[{"embeddable":true,"href":"https:\/\/www.oficinadearte.com\/es\/wp-json\/wp\/v2\/comments?post=30100"}],"version-history":[{"count":9,"href":"https:\/\/www.oficinadearte.com\/es\/wp-json\/wp\/v2\/posts\/30100\/revisions"}],"predecessor-version":[{"id":30119,"href":"https:\/\/www.oficinadearte.com\/es\/wp-json\/wp\/v2\/posts\/30100\/revisions\/30119"}],"wp:featuredmedia":[{"embeddable":true,"href":"https:\/\/www.oficinadearte.com\/es\/wp-json\/wp\/v2\/media\/30107"}],"wp:attachment":[{"href":"https:\/\/www.oficinadearte.com\/es\/wp-json\/wp\/v2\/media?parent=30100"}],"wp:term":[{"taxonomy":"category","embeddable":true,"href":"https:\/\/www.oficinadearte.com\/es\/wp-json\/wp\/v2\/categories?post=30100"},{"taxonomy":"post_tag","embeddable":true,"href":"https:\/\/www.oficinadearte.com\/es\/wp-json\/wp\/v2\/tags?post=30100"}],"curies":[{"name":"wp","href":"https:\/\/api.w.org\/{rel}","templated":true}]}}