{"id":30288,"date":"2019-06-14T14:21:27","date_gmt":"2019-06-14T12:21:27","guid":{"rendered":"https:\/\/www.oficinadearte.com\/?p=30288"},"modified":"2019-06-15T10:19:22","modified_gmt":"2019-06-15T08:19:22","slug":"oficina-de-arte-colabora-ela-andalucia","status":"publish","type":"post","link":"https:\/\/www.oficinadearte.com\/es\/oficina-de-arte-colabora-ela-andalucia\/","title":{"rendered":"Oficina de Arte colabora con la Asociaci\u00f3n de Esclerosis Lateral Amiotr\u00f3fica (ELA) de Andaluc\u00eda"},"content":{"rendered":"<div class=\"wpb-content-wrapper\"><p>[vc_row][vc_column][vc_row_inner][vc_column_inner]<div class=\"clearboth\"><\/div><style>#thegem-divider-69f564a6ac2e6 {margin-bottom: 40px !important;}<\/style><div id=\"thegem-divider-69f564a6ac2e6\" class=\"gem-divider  \" style=\"\" ><\/div>[\/vc_column_inner][\/vc_row_inner][\/vc_column][\/vc_row][vc_row][vc_column width=\u00bb2\/3&#8243;][vc_column_text]<\/p>\n<h1>Oficina de Arte colabora con la Asociaci\u00f3n ELA Andaluc\u00eda_<\/h1>\n<p>[\/vc_column_text][vc_single_image image=\u00bb30298&#8243; img_size=\u00bbfull\u00bb css=\u00bb.vc_custom_1560513999372{padding-top: 20px !important;padding-bottom: 20px !important;}\u00bb][vc_column_text]En coherencia con nuestros valores y filosof\u00eda de empresa y en la l\u00ednea de las acciones de <strong>Responsabilidad Social Corporativa (RSC),<\/strong>\u00a0colaboramos con la <strong>Asociaci\u00f3n de Esclerosis Lateral Amiotr\u00f3fica (ELA) de Andaluc\u00eda<\/strong> en el <strong>dise\u00f1o del cartel del pr\u00f3ximo Concierto Ben\u00e9fico<\/strong> <strong>en Baelo Claudia (Bolonia) el 21 de junio de 2019.<\/strong>[\/vc_column_text][vc_column_text]<strong>Nos compremetemos con la Asociaci\u00f3n<a href=\"https:\/\/www.elaandalucia.es\/WP\/\"> ELA Andaluc\u00eda.<\/a><\/strong> Una ONG sin \u00e1nimo de lucro, compuesta por pacientes, familiares, amigos, personas voluntarias y personal contratado que a\u00fanan esfuerzos para ayudar a las familias afectadas por Esclerosis Lateral Amiotr\u00f3fica de toda Andaluc\u00eda, con el\u00a0<strong>fin de mejorar la salud integral del paciente y la calidad de vida en el seno familiar.<\/strong><\/p>\n<p>Esta asociaci\u00f3n trabaja con el prop\u00f3sito de promocionar todo tipo de acciones, actividades, divulgaci\u00f3n, sensibilizaci\u00f3n e informaci\u00f3n destinada a mejorar la calidad de vida, la integraci\u00f3n y el desarrollo social y familiar en la ELA.[\/vc_column_text][vc_column_text css=\u00bb.vc_custom_1560586310264{padding-top: 20px !important;}\u00bb]<\/p>\n<h2>El cartel del concierto ben\u00e9fico_<\/h2>\n<p>[\/vc_column_text][vc_column_text]En esta ocasi\u00f3n, <strong>Oficina de Arte se involucra de manera altruista, en el dise\u00f1o y creatividad del cartel anunciador del concierto que las Bandas y la Orquesta Sinf\u00f3nica del Conservatorio Profesional de M\u00fasica &#8216;Paco de Luc\u00eda&#8217;<\/strong> de Algeciras ofrecer\u00e1n en las ruinas romanas de Baelo Claudia a beneficio de <strong>ELA Andaluc\u00eda<\/strong>.<\/p>\n<p>\u201cAl tratarse de ruinas romanas hemos tratado la fotograf\u00eda para asemejarlo a una pintura, un poco como los murales romanos de Pompeya\u201d, asegura <a href=\"\/?page_id=25343\"><strong>Alejandro Mogollo, director de Arte de Oficina de Arte.<\/strong> <\/a>\u201cHemos realzado mucho los tonos azules del mar, para destacar la localizaci\u00f3n geogr\u00e1fica privilegiada, pegada al mar, donde se va a dar el concierto. Respecto a la tipograf\u00eda hemos utilizado una con un serif peculiar para darle un toque algo m\u00e1s moderno ya que se trata de un concierto de m\u00fasica cl\u00e1sica\u201d, concluye nuestro compa\u00f1ero.[\/vc_column_text][vc_single_image image=\u00bb30316&#8243; img_size=\u00bblarge\u00bb alignment=\u00bbcenter\u00bb css=\u00bb.vc_custom_1560586068547{padding-top: 0px !important;padding-bottom: 0px !important;}\u00bb][vc_column_text css=\u00bb.vc_custom_1560586320723{padding-top: 20px !important;}\u00bb]<\/p>\n<h2>Colaboraciones de Oficina de Arte con el Conservatorio &#8216;Paco de Luc\u00eda&#8217;_<\/h2>\n<p>[\/vc_column_text][vc_column_text]<strong>No es la primera vez que Oficina de Arte colabora con el Conservatorio Profesional \u2018Paco de Luc\u00eda\u2019 y el AMPA \u2018Emilio Burgos\u2019 de Algeciras (C\u00e1diz).<\/strong> Hace unos a\u00f1os creamos el dise\u00f1o del logotipo del Conservatorio \u2018Paco de Luc\u00eda\u2019.<\/p>\n<p>\u201cDesde que Oficina de Arte cre\u00f3 el logotipo del Conservatorio, la respuesta de esta agencia de dise\u00f1o ha sido siempre inmejorable\u201d, afirma <strong>Rafael M\u00e9ndez, presidente del AMPA \u2018Emilio Burgos\u2019 del Conservatorio.<\/strong>\u00a0\u201cEn este caso, la excelencia es evidente \u2013contin\u00faa M\u00e9ndez\u2013. <strong>Un cartel que destaca por su originalidad y evocaci\u00f3n a un lugar \u00fanico\u201d.<\/strong><\/p>\n<p>\u201cNuestro agradecimiento a Oficina de Arte, por colaborar y dar visibilidad a una causa justa, as\u00ed como a la actividad cultural de un conservatorio que lleva el nombre del gran genio de la guitarra de todos los tiempos, <a href=\"https:\/\/es.wikipedia.org\/wiki\/Paco_de_Luc%C3%ADa\"><strong>\u2018Paco de Luc\u00eda\u2019,<\/strong><\/a> concluye el presidente del <a href=\"https:\/\/www.facebook.com\/pages\/category\/Education\/Ampa-Emilio-Burgos-Conservatorio-Profesional-De-M%C3%BAsica-Paco-De-Lucia-507364579288683\/\"><strong>Ampa \u2018Emilio Burgos\u2019.<\/strong><\/a>[\/vc_column_text][vc_single_image image=\u00bb30294&#8243; img_size=\u00bbfull\u00bb css=\u00bb.vc_custom_1560514059176{padding-top: 20px !important;padding-bottom: 20px !important;}\u00bb][vc_column_text css=\u00bb.vc_custom_1560512373260{padding-top: 20px !important;}\u00bb]<\/p>\n<h2>21 de junio, un d\u00eda de doble celebraci\u00f3n<\/h2>\n<p>[\/vc_column_text][vc_column_text]<strong>El concierto tendr\u00e1 lugar el pr\u00f3ximo viernes 21 de junio a partir de las 7 de la tarde,<\/strong> en una fecha que es motivo de doble celebraci\u00f3n. <strong>El D\u00eda Mundial contra la ELA y tambi\u00e9n el D\u00eda Mundial de la M\u00fasica.<\/strong> Doble celebraci\u00f3n, con el permiso y la complicidad de Eolo,\u00a0 para colarse en las dependencias de Trajano, un escenario \u00fanico y nada habitual, como es el Anfiteatro Baelo Claudia en la <a href=\"http:\/\/www.playadebolonia.es\/\"><strong>playa de Bolonia.<\/strong><\/a><\/p>\n<p>Esta jornada se celebra el D\u00eda Mundial de la Esclerosis Lateral Amiotr\u00f3fica (E.L.A.), la tercera enfermedad neurodegenerativa en incidencia tras la demencia y la enfermedad de Parkinson. Asimismo, la Uni\u00f3n Europea conmemora cada solsticio de verano la Fiesta de la M\u00fasica, con el fin de promover el intercambio cultural entre los pueblos.<\/p>\n<p><strong>La entrada al concierto es gratuita hasta completar el aforo.<\/strong> Las aportaciones en beneficio de la Asociaci\u00f3n E.L.A. se realizar\u00e1n de manera voluntaria a trav\u00e9s de huchas que podr\u00e1n encontrar en las mesas ubicadas en el recinto. <strong>Una excelente oportunidad para colaborar con una causa justa y disfrutar de la m\u00fasica en un marco incomparable. \u00a1An\u00edmate y ven!<\/strong>[\/vc_column_text][\/vc_column][vc_column width=\u00bb1\/3&#8243;][vc_widget_sidebar sidebar_id=\u00bbpage-sidebar\u00bb][\/vc_column][\/vc_row]<\/p>\n<\/div>","protected":false},"excerpt":{"rendered":"<p>En coherencia con los valores y filosof\u00eda de Oficina de Arte, y en la l\u00ednea de las acciones de\u00a0Responsabilidad Social Corporativa (RSC),\u00a0colaboramos con la Asociaci\u00f3n de Esclerosis Lateral Amiotr\u00f3fica (ELA) de Andaluc\u00eda, en el dise\u00f1o del cartel del pr\u00f3ximo Concierto Ben\u00e9fico en Baelo Claudia (Bolonia) el 21 de junio de 2019.<\/p>\n","protected":false},"author":3,"featured_media":30298,"comment_status":"open","ping_status":"open","sticky":false,"template":"","format":"standard","meta":{"footnotes":""},"categories":[140,179,180],"tags":[],"class_list":{"0":"post-30288","1":"post","2":"type-post","3":"status-publish","4":"format-standard","5":"has-post-thumbnail","7":"category-corporativo","8":"category-diseno-grafico","9":"category-responsabilidad-social-corporativa"},"yoast_head":"<!-- This site is optimized with the Yoast SEO plugin v26.6 - https:\/\/yoast.com\/wordpress\/plugins\/seo\/ -->\n<title>Dise\u00f1o de cartel para concierto ben\u00e9fico ELA Andaluc\u00eda | Oficina de Arte<\/title>\n<meta name=\"description\" content=\"Oficina de Arte\u00a0colabora con la Asociaci\u00f3n ELA Andaluc\u00eda, en el dise\u00f1o del cartel del Concierto Ben\u00e9fico en Baelo Claudia (Bolonia) el 21 de junio de 2019.\" \/>\n<meta name=\"robots\" content=\"index, follow, max-snippet:-1, max-image-preview:large, max-video-preview:-1\" \/>\n<link rel=\"canonical\" href=\"https:\/\/www.oficinadearte.com\/es\/oficina-de-arte-colabora-ela-andalucia\/\" \/>\n<meta property=\"og:locale\" content=\"es_ES\" \/>\n<meta property=\"og:type\" content=\"article\" \/>\n<meta property=\"og:title\" content=\"Dise\u00f1o de cartel para concierto ben\u00e9fico ELA Andaluc\u00eda | Oficina de Arte\" \/>\n<meta property=\"og:description\" content=\"Oficina de Arte\u00a0colabora con la Asociaci\u00f3n ELA Andaluc\u00eda, en el dise\u00f1o del cartel del Concierto Ben\u00e9fico en Baelo Claudia (Bolonia) el 21 de junio de 2019.\" \/>\n<meta property=\"og:url\" content=\"https:\/\/www.oficinadearte.com\/es\/oficina-de-arte-colabora-ela-andalucia\/\" \/>\n<meta property=\"og:site_name\" content=\"Oficina de Arte\" \/>\n<meta property=\"article:published_time\" content=\"2019-06-14T12:21:27+00:00\" \/>\n<meta property=\"article:modified_time\" content=\"2019-06-15T08:19:22+00:00\" \/>\n<meta property=\"og:image\" content=\"https:\/\/www.oficinadearte.com\/wp-content\/uploads\/2019\/06\/bolonia-oficinadearte.jpeg\" \/>\n\t<meta property=\"og:image:width\" content=\"906\" \/>\n\t<meta property=\"og:image:height\" content=\"1280\" \/>\n\t<meta property=\"og:image:type\" content=\"image\/jpeg\" \/>\n<meta name=\"author\" content=\"Redacci\u00f3n\" \/>\n<meta name=\"twitter:card\" content=\"summary_large_image\" \/>\n<meta name=\"twitter:label1\" content=\"Escrito por\" \/>\n\t<meta name=\"twitter:data1\" content=\"Redacci\u00f3n\" \/>\n\t<meta name=\"twitter:label2\" content=\"Tiempo de lectura\" \/>\n\t<meta name=\"twitter:data2\" content=\"4 minutos\" \/>\n<script type=\"application\/ld+json\" class=\"yoast-schema-graph\">{\"@context\":\"https:\/\/schema.org\",\"@graph\":[{\"@type\":\"WebPage\",\"@id\":\"https:\/\/www.oficinadearte.com\/es\/oficina-de-arte-colabora-ela-andalucia\/\",\"url\":\"https:\/\/www.oficinadearte.com\/es\/oficina-de-arte-colabora-ela-andalucia\/\",\"name\":\"Dise\u00f1o de cartel para concierto ben\u00e9fico ELA Andaluc\u00eda | Oficina de Arte\",\"isPartOf\":{\"@id\":\"https:\/\/www.oficinadearte.com\/es\/#website\"},\"primaryImageOfPage\":{\"@id\":\"https:\/\/www.oficinadearte.com\/es\/oficina-de-arte-colabora-ela-andalucia\/#primaryimage\"},\"image\":{\"@id\":\"https:\/\/www.oficinadearte.com\/es\/oficina-de-arte-colabora-ela-andalucia\/#primaryimage\"},\"thumbnailUrl\":\"https:\/\/www.oficinadearte.com\/wp-content\/uploads\/2019\/06\/bolonia-oficinadearte.jpeg\",\"datePublished\":\"2019-06-14T12:21:27+00:00\",\"dateModified\":\"2019-06-15T08:19:22+00:00\",\"author\":{\"@id\":\"https:\/\/www.oficinadearte.com\/es\/#\/schema\/person\/9f461da2dfe10c8213d04a4b8dda5b59\"},\"description\":\"Oficina de Arte\u00a0colabora con la Asociaci\u00f3n ELA Andaluc\u00eda, en el dise\u00f1o del cartel del Concierto Ben\u00e9fico en Baelo Claudia (Bolonia) el 21 de junio de 2019.\",\"breadcrumb\":{\"@id\":\"https:\/\/www.oficinadearte.com\/es\/oficina-de-arte-colabora-ela-andalucia\/#breadcrumb\"},\"inLanguage\":\"es\",\"potentialAction\":[{\"@type\":\"ReadAction\",\"target\":[\"https:\/\/www.oficinadearte.com\/es\/oficina-de-arte-colabora-ela-andalucia\/\"]}]},{\"@type\":\"ImageObject\",\"inLanguage\":\"es\",\"@id\":\"https:\/\/www.oficinadearte.com\/es\/oficina-de-arte-colabora-ela-andalucia\/#primaryimage\",\"url\":\"https:\/\/www.oficinadearte.com\/wp-content\/uploads\/2019\/06\/bolonia-oficinadearte.jpeg\",\"contentUrl\":\"https:\/\/www.oficinadearte.com\/wp-content\/uploads\/2019\/06\/bolonia-oficinadearte.jpeg\",\"width\":906,\"height\":1280,\"caption\":\"Cartel concierto en beneficio de ELA Andaluc\u00eda\"},{\"@type\":\"BreadcrumbList\",\"@id\":\"https:\/\/www.oficinadearte.com\/es\/oficina-de-arte-colabora-ela-andalucia\/#breadcrumb\",\"itemListElement\":[{\"@type\":\"ListItem\",\"position\":1,\"name\":\"Portada\",\"item\":\"https:\/\/www.oficinadearte.com\/es\/\"},{\"@type\":\"ListItem\",\"position\":2,\"name\":\"Oficina de Arte colabora con la Asociaci\u00f3n de Esclerosis Lateral Amiotr\u00f3fica (ELA) de Andaluc\u00eda\"}]},{\"@type\":\"WebSite\",\"@id\":\"https:\/\/www.oficinadearte.com\/es\/#website\",\"url\":\"https:\/\/www.oficinadearte.com\/es\/\",\"name\":\"Oficina de Arte\",\"description\":\"Agencia de Dise\u00f1o Gr\u00e1fico\",\"potentialAction\":[{\"@type\":\"SearchAction\",\"target\":{\"@type\":\"EntryPoint\",\"urlTemplate\":\"https:\/\/www.oficinadearte.com\/es\/?s={search_term_string}\"},\"query-input\":{\"@type\":\"PropertyValueSpecification\",\"valueRequired\":true,\"valueName\":\"search_term_string\"}}],\"inLanguage\":\"es\"},{\"@type\":\"Person\",\"@id\":\"https:\/\/www.oficinadearte.com\/es\/#\/schema\/person\/9f461da2dfe10c8213d04a4b8dda5b59\",\"name\":\"Redacci\u00f3n\",\"image\":{\"@type\":\"ImageObject\",\"inLanguage\":\"es\",\"@id\":\"https:\/\/www.oficinadearte.com\/es\/#\/schema\/person\/image\/\",\"url\":\"https:\/\/secure.gravatar.com\/avatar\/3619530100c567f86f3c26573a234537b1bbea46c953d65a3dfbc0feb52b1c9d?s=96&d=mm&r=g\",\"contentUrl\":\"https:\/\/secure.gravatar.com\/avatar\/3619530100c567f86f3c26573a234537b1bbea46c953d65a3dfbc0feb52b1c9d?s=96&d=mm&r=g\",\"caption\":\"Redacci\u00f3n\"},\"url\":\"https:\/\/www.oficinadearte.com\/es\/author\/inma-tenor\/\"}]}<\/script>\n<!-- \/ Yoast SEO plugin. -->","yoast_head_json":{"title":"Dise\u00f1o de cartel para concierto ben\u00e9fico ELA Andaluc\u00eda | Oficina de Arte","description":"Oficina de Arte\u00a0colabora con la Asociaci\u00f3n ELA Andaluc\u00eda, en el dise\u00f1o del cartel del Concierto Ben\u00e9fico en Baelo Claudia (Bolonia) el 21 de junio de 2019.","robots":{"index":"index","follow":"follow","max-snippet":"max-snippet:-1","max-image-preview":"max-image-preview:large","max-video-preview":"max-video-preview:-1"},"canonical":"https:\/\/www.oficinadearte.com\/es\/oficina-de-arte-colabora-ela-andalucia\/","og_locale":"es_ES","og_type":"article","og_title":"Dise\u00f1o de cartel para concierto ben\u00e9fico ELA Andaluc\u00eda | Oficina de Arte","og_description":"Oficina de Arte\u00a0colabora con la Asociaci\u00f3n ELA Andaluc\u00eda, en el dise\u00f1o del cartel del Concierto Ben\u00e9fico en Baelo Claudia (Bolonia) el 21 de junio de 2019.","og_url":"https:\/\/www.oficinadearte.com\/es\/oficina-de-arte-colabora-ela-andalucia\/","og_site_name":"Oficina de Arte","article_published_time":"2019-06-14T12:21:27+00:00","article_modified_time":"2019-06-15T08:19:22+00:00","og_image":[{"width":906,"height":1280,"url":"https:\/\/www.oficinadearte.com\/wp-content\/uploads\/2019\/06\/bolonia-oficinadearte.jpeg","type":"image\/jpeg"}],"author":"Redacci\u00f3n","twitter_card":"summary_large_image","twitter_misc":{"Escrito por":"Redacci\u00f3n","Tiempo de lectura":"4 minutos"},"schema":{"@context":"https:\/\/schema.org","@graph":[{"@type":"WebPage","@id":"https:\/\/www.oficinadearte.com\/es\/oficina-de-arte-colabora-ela-andalucia\/","url":"https:\/\/www.oficinadearte.com\/es\/oficina-de-arte-colabora-ela-andalucia\/","name":"Dise\u00f1o de cartel para concierto ben\u00e9fico ELA Andaluc\u00eda | Oficina de Arte","isPartOf":{"@id":"https:\/\/www.oficinadearte.com\/es\/#website"},"primaryImageOfPage":{"@id":"https:\/\/www.oficinadearte.com\/es\/oficina-de-arte-colabora-ela-andalucia\/#primaryimage"},"image":{"@id":"https:\/\/www.oficinadearte.com\/es\/oficina-de-arte-colabora-ela-andalucia\/#primaryimage"},"thumbnailUrl":"https:\/\/www.oficinadearte.com\/wp-content\/uploads\/2019\/06\/bolonia-oficinadearte.jpeg","datePublished":"2019-06-14T12:21:27+00:00","dateModified":"2019-06-15T08:19:22+00:00","author":{"@id":"https:\/\/www.oficinadearte.com\/es\/#\/schema\/person\/9f461da2dfe10c8213d04a4b8dda5b59"},"description":"Oficina de Arte\u00a0colabora con la Asociaci\u00f3n ELA Andaluc\u00eda, en el dise\u00f1o del cartel del Concierto Ben\u00e9fico en Baelo Claudia (Bolonia) el 21 de junio de 2019.","breadcrumb":{"@id":"https:\/\/www.oficinadearte.com\/es\/oficina-de-arte-colabora-ela-andalucia\/#breadcrumb"},"inLanguage":"es","potentialAction":[{"@type":"ReadAction","target":["https:\/\/www.oficinadearte.com\/es\/oficina-de-arte-colabora-ela-andalucia\/"]}]},{"@type":"ImageObject","inLanguage":"es","@id":"https:\/\/www.oficinadearte.com\/es\/oficina-de-arte-colabora-ela-andalucia\/#primaryimage","url":"https:\/\/www.oficinadearte.com\/wp-content\/uploads\/2019\/06\/bolonia-oficinadearte.jpeg","contentUrl":"https:\/\/www.oficinadearte.com\/wp-content\/uploads\/2019\/06\/bolonia-oficinadearte.jpeg","width":906,"height":1280,"caption":"Cartel concierto en beneficio de ELA Andaluc\u00eda"},{"@type":"BreadcrumbList","@id":"https:\/\/www.oficinadearte.com\/es\/oficina-de-arte-colabora-ela-andalucia\/#breadcrumb","itemListElement":[{"@type":"ListItem","position":1,"name":"Portada","item":"https:\/\/www.oficinadearte.com\/es\/"},{"@type":"ListItem","position":2,"name":"Oficina de Arte colabora con la Asociaci\u00f3n de Esclerosis Lateral Amiotr\u00f3fica (ELA) de Andaluc\u00eda"}]},{"@type":"WebSite","@id":"https:\/\/www.oficinadearte.com\/es\/#website","url":"https:\/\/www.oficinadearte.com\/es\/","name":"Oficina de Arte","description":"Agencia de Dise\u00f1o Gr\u00e1fico","potentialAction":[{"@type":"SearchAction","target":{"@type":"EntryPoint","urlTemplate":"https:\/\/www.oficinadearte.com\/es\/?s={search_term_string}"},"query-input":{"@type":"PropertyValueSpecification","valueRequired":true,"valueName":"search_term_string"}}],"inLanguage":"es"},{"@type":"Person","@id":"https:\/\/www.oficinadearte.com\/es\/#\/schema\/person\/9f461da2dfe10c8213d04a4b8dda5b59","name":"Redacci\u00f3n","image":{"@type":"ImageObject","inLanguage":"es","@id":"https:\/\/www.oficinadearte.com\/es\/#\/schema\/person\/image\/","url":"https:\/\/secure.gravatar.com\/avatar\/3619530100c567f86f3c26573a234537b1bbea46c953d65a3dfbc0feb52b1c9d?s=96&d=mm&r=g","contentUrl":"https:\/\/secure.gravatar.com\/avatar\/3619530100c567f86f3c26573a234537b1bbea46c953d65a3dfbc0feb52b1c9d?s=96&d=mm&r=g","caption":"Redacci\u00f3n"},"url":"https:\/\/www.oficinadearte.com\/es\/author\/inma-tenor\/"}]}},"menu_order":0,"_links":{"self":[{"href":"https:\/\/www.oficinadearte.com\/es\/wp-json\/wp\/v2\/posts\/30288","targetHints":{"allow":["GET"]}}],"collection":[{"href":"https:\/\/www.oficinadearte.com\/es\/wp-json\/wp\/v2\/posts"}],"about":[{"href":"https:\/\/www.oficinadearte.com\/es\/wp-json\/wp\/v2\/types\/post"}],"author":[{"embeddable":true,"href":"https:\/\/www.oficinadearte.com\/es\/wp-json\/wp\/v2\/users\/3"}],"replies":[{"embeddable":true,"href":"https:\/\/www.oficinadearte.com\/es\/wp-json\/wp\/v2\/comments?post=30288"}],"version-history":[{"count":16,"href":"https:\/\/www.oficinadearte.com\/es\/wp-json\/wp\/v2\/posts\/30288\/revisions"}],"predecessor-version":[{"id":30318,"href":"https:\/\/www.oficinadearte.com\/es\/wp-json\/wp\/v2\/posts\/30288\/revisions\/30318"}],"wp:featuredmedia":[{"embeddable":true,"href":"https:\/\/www.oficinadearte.com\/es\/wp-json\/wp\/v2\/media\/30298"}],"wp:attachment":[{"href":"https:\/\/www.oficinadearte.com\/es\/wp-json\/wp\/v2\/media?parent=30288"}],"wp:term":[{"taxonomy":"category","embeddable":true,"href":"https:\/\/www.oficinadearte.com\/es\/wp-json\/wp\/v2\/categories?post=30288"},{"taxonomy":"post_tag","embeddable":true,"href":"https:\/\/www.oficinadearte.com\/es\/wp-json\/wp\/v2\/tags?post=30288"}],"curies":[{"name":"wp","href":"https:\/\/api.w.org\/{rel}","templated":true}]}}