{"id":30397,"date":"2019-09-30T18:57:04","date_gmt":"2019-09-30T16:57:04","guid":{"rendered":"https:\/\/www.oficinadearte.com\/?p=30397"},"modified":"2019-09-30T19:02:55","modified_gmt":"2019-09-30T17:02:55","slug":"web-corporativa-productos-salud","status":"publish","type":"post","link":"https:\/\/www.oficinadearte.com\/es\/web-corporativa-productos-salud\/","title":{"rendered":"La web corporativa de Productos Salud aporta valor a la marca"},"content":{"rendered":"<div class=\"wpb-content-wrapper\"><p>[vc_row][vc_column][vc_row_inner][vc_column_inner]<div class=\"clearboth\"><\/div><style>#thegem-divider-69f57bec56693 {margin-bottom: 40px !important;}<\/style><div id=\"thegem-divider-69f57bec56693\" class=\"gem-divider  \" style=\"\" ><\/div>[\/vc_column_inner][\/vc_row_inner][\/vc_column][\/vc_row][vc_row][vc_column width=\u00bb2\/3&#8243;][vc_column_text]<\/p>\n<h1>La web corporativa de Productos Salud aporta valor a la marca_<\/h1>\n<p>[\/vc_column_text][vc_single_image image=\u00bb30410&#8243; img_size=\u00bbfull\u00bb css=\u00bb.vc_custom_1569858971674{padding-top: 20px !important;padding-bottom: 20px !important;}\u00bb][vc_column_text]La empresa sevillana <strong>Productos Salud,<\/strong> dedicada a la comercializaci\u00f3n, envasado y distribuci\u00f3n de leche condensada, <strong>cuenta con Oficina de Arte para el dise\u00f1o y desarrollo de su web corporativa.<\/strong> Un website que transmite confianza a sus clientes y aporta valor a la marca. Una web con dise\u00f1o sencillo y actual, construida para SEO, usabilidad y carga r\u00e1pida.<\/p>\n<p><a href=\"http:\/\/www.productossalud.com\/\"><strong>www.productossalud.com<\/strong><\/a>\u00a0es una web con una funcionalidad simple, din\u00e1mica, con informaci\u00f3n actualizada para los usuarios. Creada con un gestor de contenidos que permite insertar o modificar datos y contenidos regularmente. <strong>Su dise\u00f1o moderno y profesional genera confianza en los visitantes y proyecta una excelente imagen de marca.<\/strong>[\/vc_column_text][vc_column_text css=\u00bb.vc_custom_1569862047507{padding-top: 20px !important;}\u00bb]<\/p>\n<h2>Estructura y secciones de la web corporativa productosssalud.com_<\/h2>\n<p>[\/vc_column_text][vc_column_text]<strong>La web corporativa de Productos Salud se estructura en distintas secciones: <\/strong>\u201cHome\u201d, \u201cCon\u00f3cenos\u201d, \u201cBlog\u201d, \u201cContacto\u201d y otras tres p\u00e1ginas referentes a los productos que ofrece seg\u00fan su target \u201cHosteler\u00eda\u201d, \u201cGran consumo\u201d y \u201cPersonalizados\u201d (marca MDD).[\/vc_column_text][vc_single_image image=\u00bb30429&#8243; img_size=\u00bbfull\u00bb css=\u00bb.vc_custom_1569861469335{padding-top: 20px !important;padding-bottom: 20px !important;}\u00bb][vc_column_text]<\/p>\n<h3>Home<\/h3>\n<p>[\/vc_column_text][vc_column_text]<strong>La p\u00e1gina de inicio es la p\u00e1gina por la que entra la mayor parte del tr\u00e1fico.<\/strong> Por eso, hay que dejar claro de un vistazo <strong>a qu\u00e9 se dedica la empresa, situar al usuario y dirigirlo a otras secciones<\/strong> de esta web corporativa. En este caso, puede dirigirse hacia otras secciones como \u201cLeche condensada de Hosteler\u00eda\u201d, \u201cLeche condensada de Gran Consumo\u201d, la p\u00e1gina de empresa, la subsecci\u00f3n \u201cSobres monodisis de Gran Consumo\u201d, la p\u00e1gina de contacto o las \u00faltimas entradas del blog.[\/vc_column_text][vc_single_image image=\u00bb30432&#8243; img_size=\u00bbfull\u00bb css=\u00bb.vc_custom_1569861835424{padding-top: 20px !important;padding-bottom: 20px !important;}\u00bb][vc_column_text]<\/p>\n<h3>Con\u00f3cenos o p\u00e1gina de empresa<\/h3>\n<p>[\/vc_column_text][vc_column_text]<strong>Esta p\u00e1gina es la m\u00e1s visitada antes de rellenar un formulario,<\/strong> puesto que el cliente potencial quiere saber m\u00e1s sobre la empresa para poder confiar plenamente en ella. En este sentido, es fundamental para convencer al usuario.<\/p>\n<p>Para ello, adem\u00e1s de contar a qu\u00e9 se dedica la empresa, se desarrollan copys con la misi\u00f3n, la visi\u00f3n y los valores de la compa\u00f1\u00eda. Asimismo <strong>para transmitir mayor confianza, <\/strong>se incluye un apartado relevante para destacar que Productos Salud cuenta con<strong> el certificado IFS Food,<\/strong> <strong>acreditando as\u00ed su alto nivel de responsabilidad con el cliente, o el certificado VIP (Very Important Pallet) garant\u00eda de un excelente servicio de transporte de mercanc\u00eda paletizada.<\/strong>[\/vc_column_text][vc_single_image image=\u00bb30426&#8243; img_size=\u00bbfull\u00bb css=\u00bb.vc_custom_1569861204910{padding-top: 20px !important;padding-bottom: 20px !important;}\u00bb][vc_column_text]<\/p>\n<h3>Blog<\/h3>\n<p>[\/vc_column_text][vc_column_text]<strong>El blog es un apartado muy importante para hacer marketing de contenidos y atraer audiencia a la web.<\/strong> En\u00a0<strong><a href=\"http:\/\/productosalud.com\/\">productosalud.com<\/a>,<\/strong> adem\u00e1s de incluir entradas en las que se difunden novedades e informaci\u00f3n corporativa de la empresa, se comparten contenidos de valor para la audiencia, como recetas y entrevistas del sector.[\/vc_column_text][vc_single_image image=\u00bb30423&#8243; img_size=\u00bbfull\u00bb css=\u00bb.vc_custom_1569860552621{padding-top: 20px !important;padding-bottom: 20px !important;}\u00bb][vc_column_text]<\/p>\n<h3>Contacto y captaci\u00f3n de leads<\/h3>\n<p>[\/vc_column_text][vc_column_text]En t\u00e9rminos de conversi\u00f3n, el objetivo de la web corporativa es captar leads, m\u00e1s que vender productos o servicios directamente. De este modo, <strong>en la p\u00e1gina de contacto hemos incluido una llamada a la acci\u00f3n, \u201cContacta con nosotros\u201d, a trav\u00e9s de un formulario.<\/strong> Al fin y al cabo, lo que pretendemos es que los usuarios contacten.<\/p>\n<p>Adem\u00e1s, esta p\u00e1gina incluye otros elementos interesantes como son:<\/p>\n<ul>\n<li>Mapa de Google Maps.<\/li>\n<li>Tel\u00e9fono de contacto.<\/li>\n<li>Email de contacto.<\/li>\n<li>Iconos linkados a las redes sociales de Productos Salud (<strong><a href=\"https:\/\/www.facebook.com\/ProductosSaludSL\/\">Facebook<\/a><\/strong> y <a href=\"https:\/\/www.linkedin.com\/company\/productos-salud-sl\/\"><strong>Linkedin<\/strong><\/a>).<\/li>\n<\/ul>\n<p>[\/vc_column_text][vc_single_image image=\u00bb30413&#8243; img_size=\u00bbfull\u00bb css=\u00bb.vc_custom_1569859214832{padding-top: 20px !important;padding-bottom: 20px !important;}\u00bb][vc_column_text css=\u00bb.vc_custom_1569856253472{padding-top: 20px !important;}\u00bb]<\/p>\n<h3><b>Secciones de productos<\/b><\/h3>\n<p>[\/vc_column_text][vc_column_text]Con una imagen visual muy cuidada se presentan <strong>tres secciones<\/strong> cada una dirigida a un p\u00fablico bien diferenciado: \u201c<strong>Hosteler\u00eda\u201d, \u201cGran Consumo\u201d y \u201cMDD\u201d<\/strong> (marca de distribuidor en el mercado). A su vez, cada secci\u00f3n cuenta con varios subapartados.<\/p>\n<p>En el caso de <strong><a href=\"https:\/\/productossalud.com\/leche-condensada-y-reposteria-hosteleria\/\">\u201cHosteler\u00eda\u201d<\/a> se incluyen dos subsecciones:\u00a0<\/strong><\/p>\n<ol>\n<li><strong>\u201cLeche condensada\u201d,<\/strong> <strong>que a su vez cuenta con otros tres apartados: \u201cSobre monodosis\u201d, \u201cSirvef\u00e1cil\u201d y \u201cLatas\u201d.<\/strong> En la pantalla de \u201cSobre monodisis\u201d se disponen las distintas variedades en las que se presenta el producto: sobres de leche condensada desnatada sin lactosa de 25 g; sobres monodosis de leche condensada de 20 g; sobres monodosis de leche condensada de 30 g; y sobres monodosis de leche condensada desnatada de 25 g. Asimismo, cada uno de ellos cuenta con una llamada a la acci\u00f3n, \u201cVer producto\u201d, que dirige a una landing con informaci\u00f3n espec\u00edfica del producto determinado y la posibilidad de descargar su ficha t\u00e9cnica.<br \/>\nLas secciones \u201cSirve f\u00e1cil\u201d y \u201cLatas\u201d, repiten el mismo esquema de contenidos: se presentan los diferentes productos con una llamada a la acci\u00f3n que conduce a la ficha t\u00e9cnica de cada uno.<br \/>\nEn el apartado \u201cSirve f\u00e1cil\u201d se disponen la leche condensada desnatada sin lactosa de 450 g; el sirvef\u00e1cil de 450 g de leche condensada y el sirvef\u00e1cil 840 g de leche condensada. Cada producto deriva en su ficha t\u00e9cnica.<br \/>\nEl tercer apartado \u201cLatas\u201d presenta los diferentes art\u00edculos que ofertan: la lata de 1 kilo de leche condensada, la lata de leche condensada desnatada 0% materia grasa de 1 kilo y la lata de 2.485 g de leche condensada exclusiva para hosteler\u00eda. Cada uno de ellos, cuenta con una p\u00e1gina exclusiva para destacar sus caracter\u00edsticas, informaci\u00f3n nutricional y descargar su ficha t\u00e9cnica.<\/li>\n<li><strong>Los complementos y productos de cortes\u00eda cuentan, a su vez, con tres apartados: \u201cMini muffins con crema de cacao y pepitas\u201d, \u00abGalletitas Caramelizadas\u201d y \u201cMagdalena Tradicional\u201d.<\/strong><br \/>\nDe igual manera, en la fila dedicada a cada art\u00edculo aparece una llamada a la acci\u00f3n, \u201cVer producto\u201d, que enlaza con la landing en la que se ampl\u00eda la informaci\u00f3n de dicho producto y se descarga su ficha.<\/li>\n<\/ol>\n<p>[\/vc_column_text][vc_single_image image=\u00bb30420&#8243; img_size=\u00bbfull\u00bb css=\u00bb.vc_custom_1569860316654{padding-top: 20px !important;padding-bottom: 20px !important;}\u00bb][vc_column_text]Por su parte, en <strong>la secci\u00f3n de <a href=\"https:\/\/productossalud.com\/prosalud-leche-condensada-gran-consumo\/\">\u201cGran Consumo\u201d<\/a> se presentan tres subsecciones:\u00a0<\/strong><\/p>\n<ol>\n<li><strong>\u201cSobres monodosis,\u201d<\/strong> que a su vez conduce a la p\u00e1gina espec\u00edfica del doypack de los sobres monodosis de leche condensada Let\u2019s Go!<\/li>\n<li><strong>Leche condensada en envases \u201cServif\u00e1cil\u201d,<\/strong> donde se introducen los productos que componen esta gama: leche condensada, leche condensada desnatada y leche condensada desnatada sin lactosa. A su vez, cada art\u00edculo cuenta con una p\u00e1gina exclusiva en la que se describe cada producto adem\u00e1s de poder descargar su ficha t\u00e9cnica.<\/li>\n<li>En la secci\u00f3n de<strong> \u201cLatas\u201d<\/strong> se presenta la lata de 740g de leche condensada Prosalud, con un bot\u00f3n que enlaza a m\u00e1s informaci\u00f3n sobre este art\u00edculo y su ficha t\u00e9cnica.<\/li>\n<\/ol>\n<p>[\/vc_column_text][vc_single_image image=\u00bb30418&#8243; img_size=\u00bbfull\u00bb css=\u00bb.vc_custom_1569860283549{padding-top: 20px !important;padding-bottom: 20px !important;}\u00bb][vc_column_text]Por \u00faltimo,<strong> la secci\u00f3n <a href=\"https:\/\/productossalud.com\/prosalud-mdd-marca-de-distribuidor\/\">\u201cPersonalizados\u201d<\/a> se destina a los clientes que pretenden crear su marca MDD propia de leche condensada.<\/strong> En este sentido, se han incluido llamadas a la acci\u00f3n que propicien el contacto.[\/vc_column_text][vc_single_image image=\u00bb30416&#8243; img_size=\u00bbfull\u00bb css=\u00bb.vc_custom_1569860269415{padding-top: 20px !important;padding-bottom: 20px !important;}\u00bb][vc_column_text]En <a href=\"\/?page_id=25309\"><strong>Oficina de Arte<\/strong><\/a> creamos tu p\u00e1gina web corporativa con un dise\u00f1o y programaci\u00f3n personalizados para tu proyecto. Cu\u00e9ntanos tus necesidades y te asesoramos. Queremos ayudarte.[\/vc_column_text][\/vc_column][vc_column width=\u00bb1\/3&#8243;][vc_widget_sidebar sidebar_id=\u00bbpage-sidebar\u00bb][\/vc_column][\/vc_row]<\/p>\n<\/div>","protected":false},"excerpt":{"rendered":"<p>La empresa sevillana Productos Salud, dedicada a la comercializaci\u00f3n, envasado y distribuci\u00f3n de leche condensada, cuenta con Oficina de Arte para el dise\u00f1o y desarrollo de su web corporativa. Un website que transmite confianza a sus clientes y aporta valor a la marca. Una web con dise\u00f1o sencillo y actual ideada para cumplir su funci\u00f3n, adem\u00e1s de estar construida para SEO, usabilidad y carga r\u00e1pida.<\/p>\n","protected":false},"author":3,"featured_media":30410,"comment_status":"open","ping_status":"open","sticky":false,"template":"","format":"standard","meta":{"footnotes":""},"categories":[179,112],"tags":[],"class_list":{"0":"post-30397","1":"post","2":"type-post","3":"status-publish","4":"format-standard","5":"has-post-thumbnail","7":"category-diseno-grafico","8":"category-web"},"yoast_head":"<!-- This site is optimized with the Yoast SEO plugin v26.6 - https:\/\/yoast.com\/wordpress\/plugins\/seo\/ -->\n<title>Web corporativa de Productos Salud: aportando valor de marca<\/title>\n<meta name=\"description\" content=\"Oficina de Arte dise\u00f1a la web corporativa de la empresa Productos Salud. Un website que transmite confianza a sus clientes y aporta valor a la marca.\" \/>\n<meta name=\"robots\" content=\"index, follow, max-snippet:-1, max-image-preview:large, max-video-preview:-1\" \/>\n<link rel=\"canonical\" href=\"https:\/\/www.oficinadearte.com\/es\/web-corporativa-productos-salud\/\" \/>\n<meta property=\"og:locale\" content=\"es_ES\" \/>\n<meta property=\"og:type\" content=\"article\" \/>\n<meta property=\"og:title\" content=\"Web corporativa de Productos Salud: aportando valor de marca\" \/>\n<meta property=\"og:description\" content=\"Oficina de Arte dise\u00f1a la web corporativa de la empresa Productos Salud. Un website que transmite confianza a sus clientes y aporta valor a la marca.\" \/>\n<meta property=\"og:url\" content=\"https:\/\/www.oficinadearte.com\/es\/web-corporativa-productos-salud\/\" \/>\n<meta property=\"og:site_name\" content=\"Oficina de Arte\" \/>\n<meta property=\"article:published_time\" content=\"2019-09-30T16:57:04+00:00\" \/>\n<meta property=\"article:modified_time\" content=\"2019-09-30T17:02:55+00:00\" \/>\n<meta property=\"og:image\" content=\"https:\/\/www.oficinadearte.com\/wp-content\/uploads\/2019\/09\/slider-prosalud.png\" \/>\n\t<meta property=\"og:image:width\" content=\"1507\" \/>\n\t<meta property=\"og:image:height\" content=\"848\" \/>\n\t<meta property=\"og:image:type\" content=\"image\/png\" \/>\n<meta name=\"author\" content=\"Redacci\u00f3n\" \/>\n<meta name=\"twitter:card\" content=\"summary_large_image\" \/>\n<meta name=\"twitter:label1\" content=\"Escrito por\" \/>\n\t<meta name=\"twitter:data1\" content=\"Redacci\u00f3n\" \/>\n\t<meta name=\"twitter:label2\" content=\"Tiempo de lectura\" \/>\n\t<meta name=\"twitter:data2\" content=\"7 minutos\" \/>\n<script type=\"application\/ld+json\" class=\"yoast-schema-graph\">{\"@context\":\"https:\/\/schema.org\",\"@graph\":[{\"@type\":\"WebPage\",\"@id\":\"https:\/\/www.oficinadearte.com\/es\/web-corporativa-productos-salud\/\",\"url\":\"https:\/\/www.oficinadearte.com\/es\/web-corporativa-productos-salud\/\",\"name\":\"Web corporativa de Productos Salud: aportando valor de marca\",\"isPartOf\":{\"@id\":\"https:\/\/www.oficinadearte.com\/es\/#website\"},\"primaryImageOfPage\":{\"@id\":\"https:\/\/www.oficinadearte.com\/es\/web-corporativa-productos-salud\/#primaryimage\"},\"image\":{\"@id\":\"https:\/\/www.oficinadearte.com\/es\/web-corporativa-productos-salud\/#primaryimage\"},\"thumbnailUrl\":\"https:\/\/www.oficinadearte.com\/wp-content\/uploads\/2019\/09\/slider-prosalud.png\",\"datePublished\":\"2019-09-30T16:57:04+00:00\",\"dateModified\":\"2019-09-30T17:02:55+00:00\",\"author\":{\"@id\":\"https:\/\/www.oficinadearte.com\/es\/#\/schema\/person\/9f461da2dfe10c8213d04a4b8dda5b59\"},\"description\":\"Oficina de Arte dise\u00f1a la web corporativa de la empresa Productos Salud. Un website que transmite confianza a sus clientes y aporta valor a la marca.\",\"breadcrumb\":{\"@id\":\"https:\/\/www.oficinadearte.com\/es\/web-corporativa-productos-salud\/#breadcrumb\"},\"inLanguage\":\"es\",\"potentialAction\":[{\"@type\":\"ReadAction\",\"target\":[\"https:\/\/www.oficinadearte.com\/es\/web-corporativa-productos-salud\/\"]}]},{\"@type\":\"ImageObject\",\"inLanguage\":\"es\",\"@id\":\"https:\/\/www.oficinadearte.com\/es\/web-corporativa-productos-salud\/#primaryimage\",\"url\":\"https:\/\/www.oficinadearte.com\/wp-content\/uploads\/2019\/09\/slider-prosalud.png\",\"contentUrl\":\"https:\/\/www.oficinadearte.com\/wp-content\/uploads\/2019\/09\/slider-prosalud.png\",\"width\":1507,\"height\":848,\"caption\":\"Web corporativa Productos Salud\"},{\"@type\":\"BreadcrumbList\",\"@id\":\"https:\/\/www.oficinadearte.com\/es\/web-corporativa-productos-salud\/#breadcrumb\",\"itemListElement\":[{\"@type\":\"ListItem\",\"position\":1,\"name\":\"Portada\",\"item\":\"https:\/\/www.oficinadearte.com\/es\/\"},{\"@type\":\"ListItem\",\"position\":2,\"name\":\"La web corporativa de Productos Salud aporta valor a la marca\"}]},{\"@type\":\"WebSite\",\"@id\":\"https:\/\/www.oficinadearte.com\/es\/#website\",\"url\":\"https:\/\/www.oficinadearte.com\/es\/\",\"name\":\"Oficina de Arte\",\"description\":\"Agencia de Dise\u00f1o Gr\u00e1fico\",\"potentialAction\":[{\"@type\":\"SearchAction\",\"target\":{\"@type\":\"EntryPoint\",\"urlTemplate\":\"https:\/\/www.oficinadearte.com\/es\/?s={search_term_string}\"},\"query-input\":{\"@type\":\"PropertyValueSpecification\",\"valueRequired\":true,\"valueName\":\"search_term_string\"}}],\"inLanguage\":\"es\"},{\"@type\":\"Person\",\"@id\":\"https:\/\/www.oficinadearte.com\/es\/#\/schema\/person\/9f461da2dfe10c8213d04a4b8dda5b59\",\"name\":\"Redacci\u00f3n\",\"image\":{\"@type\":\"ImageObject\",\"inLanguage\":\"es\",\"@id\":\"https:\/\/www.oficinadearte.com\/es\/#\/schema\/person\/image\/\",\"url\":\"https:\/\/secure.gravatar.com\/avatar\/3619530100c567f86f3c26573a234537b1bbea46c953d65a3dfbc0feb52b1c9d?s=96&d=mm&r=g\",\"contentUrl\":\"https:\/\/secure.gravatar.com\/avatar\/3619530100c567f86f3c26573a234537b1bbea46c953d65a3dfbc0feb52b1c9d?s=96&d=mm&r=g\",\"caption\":\"Redacci\u00f3n\"},\"url\":\"https:\/\/www.oficinadearte.com\/es\/author\/inma-tenor\/\"}]}<\/script>\n<!-- \/ Yoast SEO plugin. -->","yoast_head_json":{"title":"Web corporativa de Productos Salud: aportando valor de marca","description":"Oficina de Arte dise\u00f1a la web corporativa de la empresa Productos Salud. Un website que transmite confianza a sus clientes y aporta valor a la marca.","robots":{"index":"index","follow":"follow","max-snippet":"max-snippet:-1","max-image-preview":"max-image-preview:large","max-video-preview":"max-video-preview:-1"},"canonical":"https:\/\/www.oficinadearte.com\/es\/web-corporativa-productos-salud\/","og_locale":"es_ES","og_type":"article","og_title":"Web corporativa de Productos Salud: aportando valor de marca","og_description":"Oficina de Arte dise\u00f1a la web corporativa de la empresa Productos Salud. Un website que transmite confianza a sus clientes y aporta valor a la marca.","og_url":"https:\/\/www.oficinadearte.com\/es\/web-corporativa-productos-salud\/","og_site_name":"Oficina de Arte","article_published_time":"2019-09-30T16:57:04+00:00","article_modified_time":"2019-09-30T17:02:55+00:00","og_image":[{"width":1507,"height":848,"url":"https:\/\/www.oficinadearte.com\/wp-content\/uploads\/2019\/09\/slider-prosalud.png","type":"image\/png"}],"author":"Redacci\u00f3n","twitter_card":"summary_large_image","twitter_misc":{"Escrito por":"Redacci\u00f3n","Tiempo de lectura":"7 minutos"},"schema":{"@context":"https:\/\/schema.org","@graph":[{"@type":"WebPage","@id":"https:\/\/www.oficinadearte.com\/es\/web-corporativa-productos-salud\/","url":"https:\/\/www.oficinadearte.com\/es\/web-corporativa-productos-salud\/","name":"Web corporativa de Productos Salud: aportando valor de marca","isPartOf":{"@id":"https:\/\/www.oficinadearte.com\/es\/#website"},"primaryImageOfPage":{"@id":"https:\/\/www.oficinadearte.com\/es\/web-corporativa-productos-salud\/#primaryimage"},"image":{"@id":"https:\/\/www.oficinadearte.com\/es\/web-corporativa-productos-salud\/#primaryimage"},"thumbnailUrl":"https:\/\/www.oficinadearte.com\/wp-content\/uploads\/2019\/09\/slider-prosalud.png","datePublished":"2019-09-30T16:57:04+00:00","dateModified":"2019-09-30T17:02:55+00:00","author":{"@id":"https:\/\/www.oficinadearte.com\/es\/#\/schema\/person\/9f461da2dfe10c8213d04a4b8dda5b59"},"description":"Oficina de Arte dise\u00f1a la web corporativa de la empresa Productos Salud. Un website que transmite confianza a sus clientes y aporta valor a la marca.","breadcrumb":{"@id":"https:\/\/www.oficinadearte.com\/es\/web-corporativa-productos-salud\/#breadcrumb"},"inLanguage":"es","potentialAction":[{"@type":"ReadAction","target":["https:\/\/www.oficinadearte.com\/es\/web-corporativa-productos-salud\/"]}]},{"@type":"ImageObject","inLanguage":"es","@id":"https:\/\/www.oficinadearte.com\/es\/web-corporativa-productos-salud\/#primaryimage","url":"https:\/\/www.oficinadearte.com\/wp-content\/uploads\/2019\/09\/slider-prosalud.png","contentUrl":"https:\/\/www.oficinadearte.com\/wp-content\/uploads\/2019\/09\/slider-prosalud.png","width":1507,"height":848,"caption":"Web corporativa Productos Salud"},{"@type":"BreadcrumbList","@id":"https:\/\/www.oficinadearte.com\/es\/web-corporativa-productos-salud\/#breadcrumb","itemListElement":[{"@type":"ListItem","position":1,"name":"Portada","item":"https:\/\/www.oficinadearte.com\/es\/"},{"@type":"ListItem","position":2,"name":"La web corporativa de Productos Salud aporta valor a la marca"}]},{"@type":"WebSite","@id":"https:\/\/www.oficinadearte.com\/es\/#website","url":"https:\/\/www.oficinadearte.com\/es\/","name":"Oficina de Arte","description":"Agencia de Dise\u00f1o Gr\u00e1fico","potentialAction":[{"@type":"SearchAction","target":{"@type":"EntryPoint","urlTemplate":"https:\/\/www.oficinadearte.com\/es\/?s={search_term_string}"},"query-input":{"@type":"PropertyValueSpecification","valueRequired":true,"valueName":"search_term_string"}}],"inLanguage":"es"},{"@type":"Person","@id":"https:\/\/www.oficinadearte.com\/es\/#\/schema\/person\/9f461da2dfe10c8213d04a4b8dda5b59","name":"Redacci\u00f3n","image":{"@type":"ImageObject","inLanguage":"es","@id":"https:\/\/www.oficinadearte.com\/es\/#\/schema\/person\/image\/","url":"https:\/\/secure.gravatar.com\/avatar\/3619530100c567f86f3c26573a234537b1bbea46c953d65a3dfbc0feb52b1c9d?s=96&d=mm&r=g","contentUrl":"https:\/\/secure.gravatar.com\/avatar\/3619530100c567f86f3c26573a234537b1bbea46c953d65a3dfbc0feb52b1c9d?s=96&d=mm&r=g","caption":"Redacci\u00f3n"},"url":"https:\/\/www.oficinadearte.com\/es\/author\/inma-tenor\/"}]}},"menu_order":0,"_links":{"self":[{"href":"https:\/\/www.oficinadearte.com\/es\/wp-json\/wp\/v2\/posts\/30397","targetHints":{"allow":["GET"]}}],"collection":[{"href":"https:\/\/www.oficinadearte.com\/es\/wp-json\/wp\/v2\/posts"}],"about":[{"href":"https:\/\/www.oficinadearte.com\/es\/wp-json\/wp\/v2\/types\/post"}],"author":[{"embeddable":true,"href":"https:\/\/www.oficinadearte.com\/es\/wp-json\/wp\/v2\/users\/3"}],"replies":[{"embeddable":true,"href":"https:\/\/www.oficinadearte.com\/es\/wp-json\/wp\/v2\/comments?post=30397"}],"version-history":[{"count":29,"href":"https:\/\/www.oficinadearte.com\/es\/wp-json\/wp\/v2\/posts\/30397\/revisions"}],"predecessor-version":[{"id":30444,"href":"https:\/\/www.oficinadearte.com\/es\/wp-json\/wp\/v2\/posts\/30397\/revisions\/30444"}],"wp:featuredmedia":[{"embeddable":true,"href":"https:\/\/www.oficinadearte.com\/es\/wp-json\/wp\/v2\/media\/30410"}],"wp:attachment":[{"href":"https:\/\/www.oficinadearte.com\/es\/wp-json\/wp\/v2\/media?parent=30397"}],"wp:term":[{"taxonomy":"category","embeddable":true,"href":"https:\/\/www.oficinadearte.com\/es\/wp-json\/wp\/v2\/categories?post=30397"},{"taxonomy":"post_tag","embeddable":true,"href":"https:\/\/www.oficinadearte.com\/es\/wp-json\/wp\/v2\/tags?post=30397"}],"curies":[{"name":"wp","href":"https:\/\/api.w.org\/{rel}","templated":true}]}}