{"id":30653,"date":"2020-03-17T12:52:34","date_gmt":"2020-03-17T11:52:34","guid":{"rendered":"https:\/\/www.oficinadearte.com\/?p=30653"},"modified":"2020-03-17T12:52:34","modified_gmt":"2020-03-17T11:52:34","slug":"teletrabajo-oficina-de-arte","status":"publish","type":"post","link":"https:\/\/www.oficinadearte.com\/es\/teletrabajo-oficina-de-arte\/","title":{"rendered":"Implantamos el teletrabajo por la seguridad de todos"},"content":{"rendered":"<div class=\"wpb-content-wrapper\"><p>[vc_row][vc_column][vc_row_inner][vc_column_inner]<div class=\"clearboth\"><\/div><style>#thegem-divider-69f5589caef52 {margin-bottom: 40px !important;}<\/style><div id=\"thegem-divider-69f5589caef52\" class=\"gem-divider  \" style=\"\" ><\/div>[\/vc_column_inner][\/vc_row_inner][\/vc_column][\/vc_row][vc_row][vc_column width=\u00bb2\/3&#8243;][vc_column_text]<\/p>\n<h1>Implantamos el teletrabajo por la seguridad de todos_<\/h1>\n<p>[\/vc_column_text][vc_single_image image=\u00bb30659&#8243; img_size=\u00bbfull\u00bb css=\u00bb.vc_custom_1584444220214{padding-top: 20px !important;padding-bottom: 20px !important;}\u00bb][vc_column_text]<\/p>\n<h2>#YoMeQuedoEnCasa<\/h2>\n<p>[\/vc_column_text][vc_column_text]Debido a la situaci\u00f3n especial del<strong> <a href=\"https:\/\/www.boe.es\/buscar\/pdf\/2020\/BOE-A-2020-3692-consolidado.pdf\">Estado de Alarma<\/a> <\/strong>en todo el territorio nacional, queremos trasladarles que desde nuestra empresa\u00a0<a href=\"http:\/\/prensa.mitramiss.gob.es\/WebPrensa\/pdf\/guia_definitiva.pdf\"><strong>estamos aplicando los protocolos internos y recomendaciones<\/strong><\/a>\u00a0emitidas por las autoridades sanitarias para intentar minimizar los riesgos para la salud de nuestros trabajadores, clientes, proveedores y colaboradores.<\/p>\n<p>Desde\u00a0<a href=\"https:\/\/www.oficinadearte.com\/es\/\"><strong>Oficina de Arte<\/strong><\/a>, hemos promovido la realizaci\u00f3n de nuestras actividades, sin necesidad de estar de forma presencial en el centro laboral. Nuestros trabajadores y colaboradores, disponen de los medios t\u00e9cnicos y de conectividad para desarrollar su trabajo desde ubicaciones diferentes a la de las oficinas de la compa\u00f1\u00eda.\u00a0Gracias a la metodolog\u00eda y tecnolog\u00eda usada en nuestro estudio y por nuestro<strong> <a href=\"https:\/\/www.oficinadearte.com\/es\/quienes-somos\/\">equipo<\/a>,<\/strong> seguiremos dando la misma calidad y el mismo servicio que hasta ahora estamos dando.<\/p>\n<p>Es responsabilidad de todos mitigar y realizar el m\u00e1ximo esfuerzo para\u00a0<strong>no facilitar el posible contagio a otras personas, adem\u00e1s de protegernos nosotros mismos<\/strong>.\u00a0Con tal fin, hemos decidido\u00a0<strong>implantar el teletrabajo y mantener las reuniones con nuestros clientes a trav\u00e9s de videoconferencia<\/strong>. Asimismo, mantendremos la atenci\u00f3n telef\u00f3nica en nuestro horario habitual, as\u00ed como la actividad en redes sociales.<\/p>\n<p>Esperamos que dichas medidas no se prolonguen demasiado en el tiempo y que las mismas ayuden a mejorar esta situaci\u00f3n convulsa que estamos atravesando.<\/p>\n<p><strong>Entre todos podremos reducir la pandemia.<\/strong><\/p>\n<p>#YoMeQuedoEnCasa<br \/>\n#Qu\u00e9dateEnCasa<br \/>\n#EsteVirusLoParamosUnidos<br \/>\n#TodoIr\u00e1Bien[\/vc_column_text][vc_single_image image=\u00bb30661&#8243; img_size=\u00bbfull\u00bb css=\u00bb.vc_custom_1584445278051{padding-top: 20px !important;padding-bottom: 20px !important;}\u00bb][\/vc_column][vc_column width=\u00bb1\/3&#8243;][vc_widget_sidebar sidebar_id=\u00bbpage-sidebar\u00bb][\/vc_column][\/vc_row]<\/p>\n<\/div>","protected":false},"excerpt":{"rendered":"<p>Ante la crisis sanitaria actual provocada por el COVID-19, es responsabilidad de todos mitigar y realizar el m\u00e1ximo esfuerzo para no facilitar el posible contagio a otras personas, adem\u00e1s de protegernos nosotros mismos. Con tal fin, en Oficina de Arte implantamos el teletrabajo. Gracias a la metodolog\u00eda y tecnolog\u00eda usada en nuestro estudio y por nuestro equipo, seguiremos dando la misma calidad y el mismo servicio que hasta ahora estamos dando. #EsteVirusLoParamosUnidos<\/p>\n","protected":false},"author":3,"featured_media":30659,"comment_status":"open","ping_status":"open","sticky":false,"template":"","format":"standard","meta":{"footnotes":""},"categories":[140,180],"tags":[],"class_list":{"0":"post-30653","1":"post","2":"type-post","3":"status-publish","4":"format-standard","5":"has-post-thumbnail","7":"category-corporativo","8":"category-responsabilidad-social-corporativa"},"yoast_head":"<!-- This site is optimized with the Yoast SEO plugin v26.6 - https:\/\/yoast.com\/wordpress\/plugins\/seo\/ -->\n<title>Implantamos el teletrabajo por la seguridad de todos | Oficina de Arte<\/title>\n<meta name=\"description\" content=\"Ante la crisis del COVID-19, en Oficina de Arte implantamos el teletrabajo. Es responsabilidad de todos mitigar y realizar el m\u00e1ximo esfuerzo para no facilitar el contagio.\" \/>\n<meta name=\"robots\" content=\"index, follow, max-snippet:-1, max-image-preview:large, max-video-preview:-1\" \/>\n<link rel=\"canonical\" href=\"https:\/\/www.oficinadearte.com\/es\/teletrabajo-oficina-de-arte\/\" \/>\n<meta property=\"og:locale\" content=\"es_ES\" \/>\n<meta property=\"og:type\" content=\"article\" \/>\n<meta property=\"og:title\" content=\"Implantamos el teletrabajo por la seguridad de todos | Oficina de Arte\" \/>\n<meta property=\"og:description\" content=\"Ante la crisis del COVID-19, en Oficina de Arte implantamos el teletrabajo. Es responsabilidad de todos mitigar y realizar el m\u00e1ximo esfuerzo para no facilitar el contagio.\" \/>\n<meta property=\"og:url\" content=\"https:\/\/www.oficinadearte.com\/es\/teletrabajo-oficina-de-arte\/\" \/>\n<meta property=\"og:site_name\" content=\"Oficina de Arte\" \/>\n<meta property=\"article:published_time\" content=\"2020-03-17T11:52:34+00:00\" \/>\n<meta property=\"og:image\" content=\"https:\/\/www.oficinadearte.com\/wp-content\/uploads\/2020\/03\/Yomequeoencasa-Teletrabajo-oficinadearte.jpg\" \/>\n\t<meta property=\"og:image:width\" content=\"1920\" \/>\n\t<meta property=\"og:image:height\" content=\"1080\" \/>\n\t<meta property=\"og:image:type\" content=\"image\/jpeg\" \/>\n<meta name=\"author\" content=\"Redacci\u00f3n\" \/>\n<meta name=\"twitter:card\" content=\"summary_large_image\" \/>\n<meta name=\"twitter:label1\" content=\"Escrito por\" \/>\n\t<meta name=\"twitter:data1\" content=\"Redacci\u00f3n\" \/>\n\t<meta name=\"twitter:label2\" content=\"Tiempo de lectura\" \/>\n\t<meta name=\"twitter:data2\" content=\"2 minutos\" \/>\n<script type=\"application\/ld+json\" class=\"yoast-schema-graph\">{\"@context\":\"https:\/\/schema.org\",\"@graph\":[{\"@type\":\"WebPage\",\"@id\":\"https:\/\/www.oficinadearte.com\/es\/teletrabajo-oficina-de-arte\/\",\"url\":\"https:\/\/www.oficinadearte.com\/es\/teletrabajo-oficina-de-arte\/\",\"name\":\"Implantamos el teletrabajo por la seguridad de todos | Oficina de Arte\",\"isPartOf\":{\"@id\":\"https:\/\/www.oficinadearte.com\/es\/#website\"},\"primaryImageOfPage\":{\"@id\":\"https:\/\/www.oficinadearte.com\/es\/teletrabajo-oficina-de-arte\/#primaryimage\"},\"image\":{\"@id\":\"https:\/\/www.oficinadearte.com\/es\/teletrabajo-oficina-de-arte\/#primaryimage\"},\"thumbnailUrl\":\"https:\/\/www.oficinadearte.com\/wp-content\/uploads\/2020\/03\/Yomequeoencasa-Teletrabajo-oficinadearte.jpg\",\"datePublished\":\"2020-03-17T11:52:34+00:00\",\"author\":{\"@id\":\"https:\/\/www.oficinadearte.com\/es\/#\/schema\/person\/9f461da2dfe10c8213d04a4b8dda5b59\"},\"description\":\"Ante la crisis del COVID-19, en Oficina de Arte implantamos el teletrabajo. Es responsabilidad de todos mitigar y realizar el m\u00e1ximo esfuerzo para no facilitar el contagio.\",\"breadcrumb\":{\"@id\":\"https:\/\/www.oficinadearte.com\/es\/teletrabajo-oficina-de-arte\/#breadcrumb\"},\"inLanguage\":\"es\",\"potentialAction\":[{\"@type\":\"ReadAction\",\"target\":[\"https:\/\/www.oficinadearte.com\/es\/teletrabajo-oficina-de-arte\/\"]}]},{\"@type\":\"ImageObject\",\"inLanguage\":\"es\",\"@id\":\"https:\/\/www.oficinadearte.com\/es\/teletrabajo-oficina-de-arte\/#primaryimage\",\"url\":\"https:\/\/www.oficinadearte.com\/wp-content\/uploads\/2020\/03\/Yomequeoencasa-Teletrabajo-oficinadearte.jpg\",\"contentUrl\":\"https:\/\/www.oficinadearte.com\/wp-content\/uploads\/2020\/03\/Yomequeoencasa-Teletrabajo-oficinadearte.jpg\",\"width\":1920,\"height\":1080,\"caption\":\"Teletrabajo\"},{\"@type\":\"BreadcrumbList\",\"@id\":\"https:\/\/www.oficinadearte.com\/es\/teletrabajo-oficina-de-arte\/#breadcrumb\",\"itemListElement\":[{\"@type\":\"ListItem\",\"position\":1,\"name\":\"Portada\",\"item\":\"https:\/\/www.oficinadearte.com\/es\/\"},{\"@type\":\"ListItem\",\"position\":2,\"name\":\"Implantamos el teletrabajo por la seguridad de todos\"}]},{\"@type\":\"WebSite\",\"@id\":\"https:\/\/www.oficinadearte.com\/es\/#website\",\"url\":\"https:\/\/www.oficinadearte.com\/es\/\",\"name\":\"Oficina de Arte\",\"description\":\"Agencia de Dise\u00f1o Gr\u00e1fico\",\"potentialAction\":[{\"@type\":\"SearchAction\",\"target\":{\"@type\":\"EntryPoint\",\"urlTemplate\":\"https:\/\/www.oficinadearte.com\/es\/?s={search_term_string}\"},\"query-input\":{\"@type\":\"PropertyValueSpecification\",\"valueRequired\":true,\"valueName\":\"search_term_string\"}}],\"inLanguage\":\"es\"},{\"@type\":\"Person\",\"@id\":\"https:\/\/www.oficinadearte.com\/es\/#\/schema\/person\/9f461da2dfe10c8213d04a4b8dda5b59\",\"name\":\"Redacci\u00f3n\",\"image\":{\"@type\":\"ImageObject\",\"inLanguage\":\"es\",\"@id\":\"https:\/\/www.oficinadearte.com\/es\/#\/schema\/person\/image\/\",\"url\":\"https:\/\/secure.gravatar.com\/avatar\/3619530100c567f86f3c26573a234537b1bbea46c953d65a3dfbc0feb52b1c9d?s=96&d=mm&r=g\",\"contentUrl\":\"https:\/\/secure.gravatar.com\/avatar\/3619530100c567f86f3c26573a234537b1bbea46c953d65a3dfbc0feb52b1c9d?s=96&d=mm&r=g\",\"caption\":\"Redacci\u00f3n\"},\"url\":\"https:\/\/www.oficinadearte.com\/es\/author\/inma-tenor\/\"}]}<\/script>\n<!-- \/ Yoast SEO plugin. -->","yoast_head_json":{"title":"Implantamos el teletrabajo por la seguridad de todos | Oficina de Arte","description":"Ante la crisis del COVID-19, en Oficina de Arte implantamos el teletrabajo. Es responsabilidad de todos mitigar y realizar el m\u00e1ximo esfuerzo para no facilitar el contagio.","robots":{"index":"index","follow":"follow","max-snippet":"max-snippet:-1","max-image-preview":"max-image-preview:large","max-video-preview":"max-video-preview:-1"},"canonical":"https:\/\/www.oficinadearte.com\/es\/teletrabajo-oficina-de-arte\/","og_locale":"es_ES","og_type":"article","og_title":"Implantamos el teletrabajo por la seguridad de todos | Oficina de Arte","og_description":"Ante la crisis del COVID-19, en Oficina de Arte implantamos el teletrabajo. Es responsabilidad de todos mitigar y realizar el m\u00e1ximo esfuerzo para no facilitar el contagio.","og_url":"https:\/\/www.oficinadearte.com\/es\/teletrabajo-oficina-de-arte\/","og_site_name":"Oficina de Arte","article_published_time":"2020-03-17T11:52:34+00:00","og_image":[{"width":1920,"height":1080,"url":"https:\/\/www.oficinadearte.com\/wp-content\/uploads\/2020\/03\/Yomequeoencasa-Teletrabajo-oficinadearte.jpg","type":"image\/jpeg"}],"author":"Redacci\u00f3n","twitter_card":"summary_large_image","twitter_misc":{"Escrito por":"Redacci\u00f3n","Tiempo de lectura":"2 minutos"},"schema":{"@context":"https:\/\/schema.org","@graph":[{"@type":"WebPage","@id":"https:\/\/www.oficinadearte.com\/es\/teletrabajo-oficina-de-arte\/","url":"https:\/\/www.oficinadearte.com\/es\/teletrabajo-oficina-de-arte\/","name":"Implantamos el teletrabajo por la seguridad de todos | Oficina de Arte","isPartOf":{"@id":"https:\/\/www.oficinadearte.com\/es\/#website"},"primaryImageOfPage":{"@id":"https:\/\/www.oficinadearte.com\/es\/teletrabajo-oficina-de-arte\/#primaryimage"},"image":{"@id":"https:\/\/www.oficinadearte.com\/es\/teletrabajo-oficina-de-arte\/#primaryimage"},"thumbnailUrl":"https:\/\/www.oficinadearte.com\/wp-content\/uploads\/2020\/03\/Yomequeoencasa-Teletrabajo-oficinadearte.jpg","datePublished":"2020-03-17T11:52:34+00:00","author":{"@id":"https:\/\/www.oficinadearte.com\/es\/#\/schema\/person\/9f461da2dfe10c8213d04a4b8dda5b59"},"description":"Ante la crisis del COVID-19, en Oficina de Arte implantamos el teletrabajo. Es responsabilidad de todos mitigar y realizar el m\u00e1ximo esfuerzo para no facilitar el contagio.","breadcrumb":{"@id":"https:\/\/www.oficinadearte.com\/es\/teletrabajo-oficina-de-arte\/#breadcrumb"},"inLanguage":"es","potentialAction":[{"@type":"ReadAction","target":["https:\/\/www.oficinadearte.com\/es\/teletrabajo-oficina-de-arte\/"]}]},{"@type":"ImageObject","inLanguage":"es","@id":"https:\/\/www.oficinadearte.com\/es\/teletrabajo-oficina-de-arte\/#primaryimage","url":"https:\/\/www.oficinadearte.com\/wp-content\/uploads\/2020\/03\/Yomequeoencasa-Teletrabajo-oficinadearte.jpg","contentUrl":"https:\/\/www.oficinadearte.com\/wp-content\/uploads\/2020\/03\/Yomequeoencasa-Teletrabajo-oficinadearte.jpg","width":1920,"height":1080,"caption":"Teletrabajo"},{"@type":"BreadcrumbList","@id":"https:\/\/www.oficinadearte.com\/es\/teletrabajo-oficina-de-arte\/#breadcrumb","itemListElement":[{"@type":"ListItem","position":1,"name":"Portada","item":"https:\/\/www.oficinadearte.com\/es\/"},{"@type":"ListItem","position":2,"name":"Implantamos el teletrabajo por la seguridad de todos"}]},{"@type":"WebSite","@id":"https:\/\/www.oficinadearte.com\/es\/#website","url":"https:\/\/www.oficinadearte.com\/es\/","name":"Oficina de Arte","description":"Agencia de Dise\u00f1o Gr\u00e1fico","potentialAction":[{"@type":"SearchAction","target":{"@type":"EntryPoint","urlTemplate":"https:\/\/www.oficinadearte.com\/es\/?s={search_term_string}"},"query-input":{"@type":"PropertyValueSpecification","valueRequired":true,"valueName":"search_term_string"}}],"inLanguage":"es"},{"@type":"Person","@id":"https:\/\/www.oficinadearte.com\/es\/#\/schema\/person\/9f461da2dfe10c8213d04a4b8dda5b59","name":"Redacci\u00f3n","image":{"@type":"ImageObject","inLanguage":"es","@id":"https:\/\/www.oficinadearte.com\/es\/#\/schema\/person\/image\/","url":"https:\/\/secure.gravatar.com\/avatar\/3619530100c567f86f3c26573a234537b1bbea46c953d65a3dfbc0feb52b1c9d?s=96&d=mm&r=g","contentUrl":"https:\/\/secure.gravatar.com\/avatar\/3619530100c567f86f3c26573a234537b1bbea46c953d65a3dfbc0feb52b1c9d?s=96&d=mm&r=g","caption":"Redacci\u00f3n"},"url":"https:\/\/www.oficinadearte.com\/es\/author\/inma-tenor\/"}]}},"menu_order":0,"_links":{"self":[{"href":"https:\/\/www.oficinadearte.com\/es\/wp-json\/wp\/v2\/posts\/30653","targetHints":{"allow":["GET"]}}],"collection":[{"href":"https:\/\/www.oficinadearte.com\/es\/wp-json\/wp\/v2\/posts"}],"about":[{"href":"https:\/\/www.oficinadearte.com\/es\/wp-json\/wp\/v2\/types\/post"}],"author":[{"embeddable":true,"href":"https:\/\/www.oficinadearte.com\/es\/wp-json\/wp\/v2\/users\/3"}],"replies":[{"embeddable":true,"href":"https:\/\/www.oficinadearte.com\/es\/wp-json\/wp\/v2\/comments?post=30653"}],"version-history":[{"count":8,"href":"https:\/\/www.oficinadearte.com\/es\/wp-json\/wp\/v2\/posts\/30653\/revisions"}],"predecessor-version":[{"id":30667,"href":"https:\/\/www.oficinadearte.com\/es\/wp-json\/wp\/v2\/posts\/30653\/revisions\/30667"}],"wp:featuredmedia":[{"embeddable":true,"href":"https:\/\/www.oficinadearte.com\/es\/wp-json\/wp\/v2\/media\/30659"}],"wp:attachment":[{"href":"https:\/\/www.oficinadearte.com\/es\/wp-json\/wp\/v2\/media?parent=30653"}],"wp:term":[{"taxonomy":"category","embeddable":true,"href":"https:\/\/www.oficinadearte.com\/es\/wp-json\/wp\/v2\/categories?post=30653"},{"taxonomy":"post_tag","embeddable":true,"href":"https:\/\/www.oficinadearte.com\/es\/wp-json\/wp\/v2\/tags?post=30653"}],"curies":[{"name":"wp","href":"https:\/\/api.w.org\/{rel}","templated":true}]}}