{"id":30669,"date":"2020-03-29T15:18:29","date_gmt":"2020-03-29T13:18:29","guid":{"rendered":"https:\/\/www.oficinadearte.com\/?p=30669"},"modified":"2020-08-28T11:31:20","modified_gmt":"2020-08-28T09:31:20","slug":"que-el-coronavirus-no-apague-la-voz-de-tu-marca","status":"publish","type":"post","link":"https:\/\/www.oficinadearte.com\/es\/que-el-coronavirus-no-apague-la-voz-de-tu-marca\/","title":{"rendered":"Que el coronavirus no apague la voz de tu marca"},"content":{"rendered":"<div class=\"wpb-content-wrapper\"><p>[vc_row][vc_column][vc_row_inner][vc_column_inner]<div class=\"clearboth\"><\/div><style>#thegem-divider-69f4fceb33afe {margin-bottom: 40px !important;}<\/style><div id=\"thegem-divider-69f4fceb33afe\" class=\"gem-divider  \" style=\"\" ><\/div>[\/vc_column_inner][\/vc_row_inner][\/vc_column][\/vc_row][vc_row][vc_column width=\u00bb2\/3&#8243;][vc_column_text]<\/p>\n<h1>Que el coronavirus no apague la voz de tu marca_<\/h1>\n<p>[\/vc_column_text][vc_single_image image=\u00bb30685&#8243; img_size=\u00bbfull\u00bb css=\u00bb.vc_custom_1585486714345{padding-top: 20px !important;padding-bottom: 20px !important;}\u00bb][vc_column_text]<strong>La situaci\u00f3n global de incertidumbre provocada por la expansi\u00f3n del COVID-19 ha quebrantado los objetivos empresariales previstos para 2020. No permitas que el coronavirus apague la voz de tu marca. La crisis es temporal. Esto pasar\u00e1 y cuando pase tus clientes volver\u00e1n a buscarte, si es que no se fijaron entretanto en tu competencia. Por eso, es importante en estos momentos mantener las estrategias de <a href=\"https:\/\/www.oficinadearte.com\/es\/\">branding<\/a> adaptadas a la nueva coyuntura y buscar oportunidades en tiempos dif\u00edciles.<\/strong>[\/vc_column_text][vc_column_text]Lo \u00fanico y verdaderamente importante es la salud. Son semanas de ambig\u00fcedades, incertidumbres, dudas, vacilaciones\u2026<strong> Las empresas no esenciales han parado por <a href=\"https:\/\/www.boe.es\/boe\/dias\/2020\/03\/28\/pdfs\/BOE-A-2020-4152.pdf\">decreto<\/a> su producci\u00f3n o servicios, lo que se traduce en un frenazo en seco de su inversi\u00f3n publicitaria. Todas las empresas estamos atravesando una dif\u00edcil situaci\u00f3n, en la que dar visibilidad a la marca se antoja fundamental.<\/strong> Continuar con la comunicaci\u00f3n de la compa\u00f1\u00eda tambi\u00e9n, si bien hay que adaptar los mensajes al contexto actual. Es vital seguir comunicando para que tus clientes sepan que tu empresa se mantiene, sigue viva y que est\u00e1s ah\u00ed o estar\u00e1s cuando todo esto pase.<span class=\"Apple-converted-space\">\u00a0<\/span><\/p>\n<p>En este sentido, <strong>podr\u00edamos se\u00f1alar varias etapas en la gesti\u00f3n de la comunicaci\u00f3n empresarial de esta crisis del Covid-19: presentaci\u00f3n, nudo y desenlace.<\/strong> S\u00ed, son las tres partes de una narraci\u00f3n. Y es que la comunicaci\u00f3n de tu empresa puede coincidir con el hilo narrativo de lo que est\u00e1 aconteciendo, ofreciendo contenidos corporativos orientados a tu p\u00fablico objetivo. Tus mensajes han de referirse a tu empresa: empleados, productos, servicios, promociones, adaptaci\u00f3n a la situaci\u00f3n, reinvenci\u00f3n si fuese el caso, colaboraciones, responsabilidad social corporativa\u2026 En tiempos de crisis la comunicaci\u00f3n es fundamental para todo tipo de negocios (f\u00edsicos, online o multicanal).[\/vc_column_text][vc_single_image image=\u00bb30659&#8243; img_size=\u00bbfull\u00bb css=\u00bb.vc_custom_1584444220214{padding-top: 20px !important;padding-bottom: 20px !important;}\u00bb][vc_column_text]<\/p>\n<h2>1\u00aa fase: Presenta a tus clientes c\u00f3mo afecta la situaci\u00f3n a tu empresa<\/h2>\n<p>[\/vc_column_text][vc_column_text]En una primera etapa,<strong> la comunicaci\u00f3n debe girar en torno a c\u00f3mo afecta la situaci\u00f3n actual a tu empresa.<\/strong> Si sigue abierta, cambios de horario, si contin\u00faa con reparto o visitas a domicilio, si mantiene el servicio mediante el teletrabajo\u2026<\/p>\n<p>As\u00ed, en esta primera fase es indispensable informar a nuestros clientes sobre nuestra situaci\u00f3n: c\u00f3mo vamos a ofrecer servicio, hasta cu\u00e1ndo no se va a poder ofertar, restablecimiento de atenci\u00f3n y servicios lo antes posible, o continuidad con la calidad y servicio de siempre.<\/p>\n<p><strong>Los canales m\u00e1s recomendables para estas comunicaciones son <a href=\"https:\/\/www.oficinadearte.com\/es\/marketing\/\">blogs, mailings y redes sociales<\/a>,<\/strong> donde ofrecer contenidos corporativos a bajo coste y en diversos formatos atractivos: mensajes de texto, fotos, v\u00eddeos\u2026<span class=\"Apple-converted-space\">\u00a0<\/span>[\/vc_column_text][vc_single_image image=\u00bb30695&#8243; img_size=\u00bbfull\u00bb css=\u00bb.vc_custom_1585487852333{padding-top: 20px !important;padding-bottom: 20px !important;}\u00bb][vc_column_text]<\/p>\n<h2>2\u00aa fase: Nudo o desarrollo del d\u00eda a d\u00eda<\/h2>\n<p>[\/vc_column_text][vc_column_text]Una vez nuestros clientes sepan la situaci\u00f3n en la que se halla la empresa, se debe establecer <strong>una comunicaci\u00f3n orientada a mantener la marca en la memoria del p\u00fablico.<\/strong> Comunicar para recordar al cliente que la marca est\u00e1 ah\u00ed, acompa\u00f1\u00e1ndolo en estos momentos y que se comparte con los lo que est\u00e1 ocurriendo. Puede ser momento de ofrecer mensajes de \u00e1nimo, solidaridad, agradecimientos, responsabilidad social, entretenimiento, concursos, sorteos, servicios gratuitos\u2026<\/p>\n<p>Es importante <strong>mantener la comunicaci\u00f3n con el cliente y fidelizarlo.<\/strong> Pongamos algunos ejemplos: un gimnasio que debido al decreto de Estado de Alarma est\u00e1 cerrado, en esta fase comunicativa, puede crear grupos de whtasapp con sus clientes y ofrecerles un entrenamiento diario para realizarlo en casa en su canal de Youtube o Facebook. Un centro de belleza, tiene la posibilidad de realizar tutoriales y dar consejos para su clientela, incluso, podr\u00e1 captar nuevos clientes. Un despacho de abogados, puede participar en foros, aclarar dudas y preguntas frecuentes\u2026[\/vc_column_text][vc_single_image image=\u00bb30703&#8243; img_size=\u00bbfull\u00bb css=\u00bb.vc_custom_1585489300926{padding-top: 20px !important;padding-bottom: 20px !important;}\u00bb][vc_column_text]<strong>Durante el confinamiento internet es una de las herramientas m\u00e1s valiosas no solo para entretenerse, sino para mantener conectada a la gente en unos momentos en los que, precisamente, hay que evitar el contacto.<\/strong> Cada d\u00eda se dedica m\u00e1s tiempo a las redes sociales y a la b\u00fasqueda de informaci\u00f3n online. Y con el aislamiento social, internet se ha convertido en el medio por excelencia para interactuar con amigos y familiares. <strong>Es por tanto, una buena ocasi\u00f3n para los webinars, streamings, redes sociales, mailings\u2026<\/strong> Canales de bajo coste y gran repercusi\u00f3n. Adem\u00e1s observar lo que hace la competencia, puede servir de inspiraci\u00f3n en la estrategia a seguir.[\/vc_column_text][vc_single_image image=\u00bb30699&#8243; img_size=\u00bbfull\u00bb css=\u00bb.vc_custom_1585487271024{padding-top: 20px !important;padding-bottom: 20px !important;}\u00bb][vc_column_text]<\/p>\n<h3>Al lado de tu cliente<\/h3>\n<p>[\/vc_column_text][vc_column_text]Pero tambi\u00e9n <strong>es hora de preocuparse de verdad por el cliente.<\/strong> De mostrar cercan\u00eda y empat\u00eda por c\u00f3mo est\u00e1 viviendo esta pandemia a nivel profesional y personal. Es buen momento para coger el tel\u00e9fono, llamarle y mantener conversaciones transparentes y m\u00e1s profundas. Algunos clientes pueden encontrarse en situaciones cr\u00edticas y es importante que sientan que se est\u00e1 a su lado.<\/p>\n<p>Asimismo, desde una visi\u00f3n positiva, <strong>a las empresas se les presenta la oportunidad para parar y evaluar,<\/strong> hacer mejoras que antes no se han podido implementar por falta de tiempo como renovar la web corporativa, buscar la interacci\u00f3n y pedir <em>feedback<\/em> a los clientes.[\/vc_column_text][vc_single_image image=\u00bb30687&#8243; img_size=\u00bbfull\u00bb css=\u00bb.vc_custom_1585486827460{padding-top: 20px !important;padding-bottom: 20px !important;}\u00bb][vc_column_text]<\/p>\n<h2>3\u00aa fase: Desenlace de la crisis del coronavirus y tu marca<\/h2>\n<p>[\/vc_column_text][vc_column_text]Todo pasar\u00e1. Todo saldr\u00e1 bien. Esto es temporal y llegar\u00e1 el d\u00eda en el que todo vuelva a la normalidad. Entonces hay que estar ah\u00ed, volver con tus clientes, restablecer el servicio y comunicarlo\u2026 Pero para ello, l\u00f3gicamente habr\u00e1 que haberlos conservado antes. No esperes a que sea demasiado tarde.<strong> Que el coronavirus no apague la voz de tu marca, en <a href=\"https:\/\/www.oficinadearte.com\/es\/contacto\/\">Oficina de Arte<\/a> queremos ayudarte.<\/strong>[\/vc_column_text][vc_single_image image=\u00bb30691&#8243; img_size=\u00bbfull\u00bb css=\u00bb.vc_custom_1585486962019{padding-top: 20px !important;padding-bottom: 20px !important;}\u00bb][\/vc_column][vc_column width=\u00bb1\/3&#8243;][vc_widget_sidebar sidebar_id=\u00bbpage-sidebar\u00bb][\/vc_column][\/vc_row]<\/p>\n<\/div>","protected":false},"excerpt":{"rendered":"<p>La situaci\u00f3n global de incertidumbre provocada por la expansi\u00f3n del COVID-19 ha quebrantado los objetivos empresariales previstos para 2020. No permitas que el coronavirus apague la voz de tu marca. La crisis es temporal. Esto pasar\u00e1 y cuando pase tus clientes volver\u00e1n a buscarte, si es que no se fijaron entretanto en tu competencia. Por eso, es importante en estos momentos mantener las estrategias de marketing adaptadas a la nueva coyuntura y buscar oportunidades en tiempos dif\u00edciles.<\/p>\n","protected":false},"author":3,"featured_media":30685,"comment_status":"open","ping_status":"open","sticky":false,"template":"","format":"standard","meta":{"footnotes":""},"categories":[179,177,182,113,153,112],"tags":[],"class_list":{"0":"post-30669","1":"post","2":"type-post","3":"status-publish","4":"format-standard","5":"has-post-thumbnail","7":"category-diseno-grafico","8":"category-email-marketing","9":"category-marketing","10":"category-publicidad","11":"category-redes-sociales","12":"category-web"},"yoast_head":"<!-- This site is optimized with the Yoast SEO plugin v26.6 - https:\/\/yoast.com\/wordpress\/plugins\/seo\/ -->\n<title>Que el coronavirus no apague la voz de tu marca | Oficina de Arte<\/title>\n<meta name=\"description\" content=\"La situaci\u00f3n de incertidumbre provocada por el coronavirus ha quebrantado los objetivos empresariales, pero no permitas que apague la voz de tu marca.\" \/>\n<meta name=\"robots\" content=\"index, follow, max-snippet:-1, max-image-preview:large, max-video-preview:-1\" \/>\n<link rel=\"canonical\" href=\"https:\/\/www.oficinadearte.com\/es\/que-el-coronavirus-no-apague-la-voz-de-tu-marca\/\" \/>\n<meta property=\"og:locale\" content=\"es_ES\" \/>\n<meta property=\"og:type\" content=\"article\" \/>\n<meta property=\"og:title\" content=\"Que el coronavirus no apague la voz de tu marca | Oficina de Arte\" \/>\n<meta property=\"og:description\" content=\"La situaci\u00f3n de incertidumbre provocada por el coronavirus ha quebrantado los objetivos empresariales, pero no permitas que apague la voz de tu marca.\" \/>\n<meta property=\"og:url\" content=\"https:\/\/www.oficinadearte.com\/es\/que-el-coronavirus-no-apague-la-voz-de-tu-marca\/\" \/>\n<meta property=\"og:site_name\" content=\"Oficina de Arte\" \/>\n<meta property=\"article:published_time\" content=\"2020-03-29T13:18:29+00:00\" \/>\n<meta property=\"article:modified_time\" content=\"2020-08-28T09:31:20+00:00\" \/>\n<meta property=\"og:image\" content=\"https:\/\/www.oficinadearte.com\/wp-content\/uploads\/2020\/03\/coronavirus-marcas-oficina-de-arte.jpg\" \/>\n\t<meta property=\"og:image:width\" content=\"1920\" \/>\n\t<meta property=\"og:image:height\" content=\"1080\" \/>\n\t<meta property=\"og:image:type\" content=\"image\/jpeg\" \/>\n<meta name=\"author\" content=\"Redacci\u00f3n\" \/>\n<meta name=\"twitter:card\" content=\"summary_large_image\" \/>\n<meta name=\"twitter:label1\" content=\"Escrito por\" \/>\n\t<meta name=\"twitter:data1\" content=\"Redacci\u00f3n\" \/>\n\t<meta name=\"twitter:label2\" content=\"Tiempo de lectura\" \/>\n\t<meta name=\"twitter:data2\" content=\"6 minutos\" \/>\n<script type=\"application\/ld+json\" class=\"yoast-schema-graph\">{\"@context\":\"https:\/\/schema.org\",\"@graph\":[{\"@type\":\"WebPage\",\"@id\":\"https:\/\/www.oficinadearte.com\/es\/que-el-coronavirus-no-apague-la-voz-de-tu-marca\/\",\"url\":\"https:\/\/www.oficinadearte.com\/es\/que-el-coronavirus-no-apague-la-voz-de-tu-marca\/\",\"name\":\"Que el coronavirus no apague la voz de tu marca | Oficina de Arte\",\"isPartOf\":{\"@id\":\"https:\/\/www.oficinadearte.com\/es\/#website\"},\"primaryImageOfPage\":{\"@id\":\"https:\/\/www.oficinadearte.com\/es\/que-el-coronavirus-no-apague-la-voz-de-tu-marca\/#primaryimage\"},\"image\":{\"@id\":\"https:\/\/www.oficinadearte.com\/es\/que-el-coronavirus-no-apague-la-voz-de-tu-marca\/#primaryimage\"},\"thumbnailUrl\":\"https:\/\/www.oficinadearte.com\/wp-content\/uploads\/2020\/03\/coronavirus-marcas-oficina-de-arte.jpg\",\"datePublished\":\"2020-03-29T13:18:29+00:00\",\"dateModified\":\"2020-08-28T09:31:20+00:00\",\"author\":{\"@id\":\"https:\/\/www.oficinadearte.com\/es\/#\/schema\/person\/9f461da2dfe10c8213d04a4b8dda5b59\"},\"description\":\"La situaci\u00f3n de incertidumbre provocada por el coronavirus ha quebrantado los objetivos empresariales, pero no permitas que apague la voz de tu marca.\",\"breadcrumb\":{\"@id\":\"https:\/\/www.oficinadearte.com\/es\/que-el-coronavirus-no-apague-la-voz-de-tu-marca\/#breadcrumb\"},\"inLanguage\":\"es\",\"potentialAction\":[{\"@type\":\"ReadAction\",\"target\":[\"https:\/\/www.oficinadearte.com\/es\/que-el-coronavirus-no-apague-la-voz-de-tu-marca\/\"]}]},{\"@type\":\"ImageObject\",\"inLanguage\":\"es\",\"@id\":\"https:\/\/www.oficinadearte.com\/es\/que-el-coronavirus-no-apague-la-voz-de-tu-marca\/#primaryimage\",\"url\":\"https:\/\/www.oficinadearte.com\/wp-content\/uploads\/2020\/03\/coronavirus-marcas-oficina-de-arte.jpg\",\"contentUrl\":\"https:\/\/www.oficinadearte.com\/wp-content\/uploads\/2020\/03\/coronavirus-marcas-oficina-de-arte.jpg\",\"width\":1920,\"height\":1080,\"caption\":\"Marcas coronavirus\"},{\"@type\":\"BreadcrumbList\",\"@id\":\"https:\/\/www.oficinadearte.com\/es\/que-el-coronavirus-no-apague-la-voz-de-tu-marca\/#breadcrumb\",\"itemListElement\":[{\"@type\":\"ListItem\",\"position\":1,\"name\":\"Portada\",\"item\":\"https:\/\/www.oficinadearte.com\/es\/\"},{\"@type\":\"ListItem\",\"position\":2,\"name\":\"Que el coronavirus no apague la voz de tu marca\"}]},{\"@type\":\"WebSite\",\"@id\":\"https:\/\/www.oficinadearte.com\/es\/#website\",\"url\":\"https:\/\/www.oficinadearte.com\/es\/\",\"name\":\"Oficina de Arte\",\"description\":\"Agencia de Dise\u00f1o Gr\u00e1fico\",\"potentialAction\":[{\"@type\":\"SearchAction\",\"target\":{\"@type\":\"EntryPoint\",\"urlTemplate\":\"https:\/\/www.oficinadearte.com\/es\/?s={search_term_string}\"},\"query-input\":{\"@type\":\"PropertyValueSpecification\",\"valueRequired\":true,\"valueName\":\"search_term_string\"}}],\"inLanguage\":\"es\"},{\"@type\":\"Person\",\"@id\":\"https:\/\/www.oficinadearte.com\/es\/#\/schema\/person\/9f461da2dfe10c8213d04a4b8dda5b59\",\"name\":\"Redacci\u00f3n\",\"image\":{\"@type\":\"ImageObject\",\"inLanguage\":\"es\",\"@id\":\"https:\/\/www.oficinadearte.com\/es\/#\/schema\/person\/image\/\",\"url\":\"https:\/\/secure.gravatar.com\/avatar\/3619530100c567f86f3c26573a234537b1bbea46c953d65a3dfbc0feb52b1c9d?s=96&d=mm&r=g\",\"contentUrl\":\"https:\/\/secure.gravatar.com\/avatar\/3619530100c567f86f3c26573a234537b1bbea46c953d65a3dfbc0feb52b1c9d?s=96&d=mm&r=g\",\"caption\":\"Redacci\u00f3n\"},\"url\":\"https:\/\/www.oficinadearte.com\/es\/author\/inma-tenor\/\"}]}<\/script>\n<!-- \/ Yoast SEO plugin. -->","yoast_head_json":{"title":"Que el coronavirus no apague la voz de tu marca | Oficina de Arte","description":"La situaci\u00f3n de incertidumbre provocada por el coronavirus ha quebrantado los objetivos empresariales, pero no permitas que apague la voz de tu marca.","robots":{"index":"index","follow":"follow","max-snippet":"max-snippet:-1","max-image-preview":"max-image-preview:large","max-video-preview":"max-video-preview:-1"},"canonical":"https:\/\/www.oficinadearte.com\/es\/que-el-coronavirus-no-apague-la-voz-de-tu-marca\/","og_locale":"es_ES","og_type":"article","og_title":"Que el coronavirus no apague la voz de tu marca | Oficina de Arte","og_description":"La situaci\u00f3n de incertidumbre provocada por el coronavirus ha quebrantado los objetivos empresariales, pero no permitas que apague la voz de tu marca.","og_url":"https:\/\/www.oficinadearte.com\/es\/que-el-coronavirus-no-apague-la-voz-de-tu-marca\/","og_site_name":"Oficina de Arte","article_published_time":"2020-03-29T13:18:29+00:00","article_modified_time":"2020-08-28T09:31:20+00:00","og_image":[{"width":1920,"height":1080,"url":"https:\/\/www.oficinadearte.com\/wp-content\/uploads\/2020\/03\/coronavirus-marcas-oficina-de-arte.jpg","type":"image\/jpeg"}],"author":"Redacci\u00f3n","twitter_card":"summary_large_image","twitter_misc":{"Escrito por":"Redacci\u00f3n","Tiempo de lectura":"6 minutos"},"schema":{"@context":"https:\/\/schema.org","@graph":[{"@type":"WebPage","@id":"https:\/\/www.oficinadearte.com\/es\/que-el-coronavirus-no-apague-la-voz-de-tu-marca\/","url":"https:\/\/www.oficinadearte.com\/es\/que-el-coronavirus-no-apague-la-voz-de-tu-marca\/","name":"Que el coronavirus no apague la voz de tu marca | Oficina de Arte","isPartOf":{"@id":"https:\/\/www.oficinadearte.com\/es\/#website"},"primaryImageOfPage":{"@id":"https:\/\/www.oficinadearte.com\/es\/que-el-coronavirus-no-apague-la-voz-de-tu-marca\/#primaryimage"},"image":{"@id":"https:\/\/www.oficinadearte.com\/es\/que-el-coronavirus-no-apague-la-voz-de-tu-marca\/#primaryimage"},"thumbnailUrl":"https:\/\/www.oficinadearte.com\/wp-content\/uploads\/2020\/03\/coronavirus-marcas-oficina-de-arte.jpg","datePublished":"2020-03-29T13:18:29+00:00","dateModified":"2020-08-28T09:31:20+00:00","author":{"@id":"https:\/\/www.oficinadearte.com\/es\/#\/schema\/person\/9f461da2dfe10c8213d04a4b8dda5b59"},"description":"La situaci\u00f3n de incertidumbre provocada por el coronavirus ha quebrantado los objetivos empresariales, pero no permitas que apague la voz de tu marca.","breadcrumb":{"@id":"https:\/\/www.oficinadearte.com\/es\/que-el-coronavirus-no-apague-la-voz-de-tu-marca\/#breadcrumb"},"inLanguage":"es","potentialAction":[{"@type":"ReadAction","target":["https:\/\/www.oficinadearte.com\/es\/que-el-coronavirus-no-apague-la-voz-de-tu-marca\/"]}]},{"@type":"ImageObject","inLanguage":"es","@id":"https:\/\/www.oficinadearte.com\/es\/que-el-coronavirus-no-apague-la-voz-de-tu-marca\/#primaryimage","url":"https:\/\/www.oficinadearte.com\/wp-content\/uploads\/2020\/03\/coronavirus-marcas-oficina-de-arte.jpg","contentUrl":"https:\/\/www.oficinadearte.com\/wp-content\/uploads\/2020\/03\/coronavirus-marcas-oficina-de-arte.jpg","width":1920,"height":1080,"caption":"Marcas coronavirus"},{"@type":"BreadcrumbList","@id":"https:\/\/www.oficinadearte.com\/es\/que-el-coronavirus-no-apague-la-voz-de-tu-marca\/#breadcrumb","itemListElement":[{"@type":"ListItem","position":1,"name":"Portada","item":"https:\/\/www.oficinadearte.com\/es\/"},{"@type":"ListItem","position":2,"name":"Que el coronavirus no apague la voz de tu marca"}]},{"@type":"WebSite","@id":"https:\/\/www.oficinadearte.com\/es\/#website","url":"https:\/\/www.oficinadearte.com\/es\/","name":"Oficina de Arte","description":"Agencia de Dise\u00f1o Gr\u00e1fico","potentialAction":[{"@type":"SearchAction","target":{"@type":"EntryPoint","urlTemplate":"https:\/\/www.oficinadearte.com\/es\/?s={search_term_string}"},"query-input":{"@type":"PropertyValueSpecification","valueRequired":true,"valueName":"search_term_string"}}],"inLanguage":"es"},{"@type":"Person","@id":"https:\/\/www.oficinadearte.com\/es\/#\/schema\/person\/9f461da2dfe10c8213d04a4b8dda5b59","name":"Redacci\u00f3n","image":{"@type":"ImageObject","inLanguage":"es","@id":"https:\/\/www.oficinadearte.com\/es\/#\/schema\/person\/image\/","url":"https:\/\/secure.gravatar.com\/avatar\/3619530100c567f86f3c26573a234537b1bbea46c953d65a3dfbc0feb52b1c9d?s=96&d=mm&r=g","contentUrl":"https:\/\/secure.gravatar.com\/avatar\/3619530100c567f86f3c26573a234537b1bbea46c953d65a3dfbc0feb52b1c9d?s=96&d=mm&r=g","caption":"Redacci\u00f3n"},"url":"https:\/\/www.oficinadearte.com\/es\/author\/inma-tenor\/"}]}},"menu_order":0,"_links":{"self":[{"href":"https:\/\/www.oficinadearte.com\/es\/wp-json\/wp\/v2\/posts\/30669","targetHints":{"allow":["GET"]}}],"collection":[{"href":"https:\/\/www.oficinadearte.com\/es\/wp-json\/wp\/v2\/posts"}],"about":[{"href":"https:\/\/www.oficinadearte.com\/es\/wp-json\/wp\/v2\/types\/post"}],"author":[{"embeddable":true,"href":"https:\/\/www.oficinadearte.com\/es\/wp-json\/wp\/v2\/users\/3"}],"replies":[{"embeddable":true,"href":"https:\/\/www.oficinadearte.com\/es\/wp-json\/wp\/v2\/comments?post=30669"}],"version-history":[{"count":9,"href":"https:\/\/www.oficinadearte.com\/es\/wp-json\/wp\/v2\/posts\/30669\/revisions"}],"predecessor-version":[{"id":30706,"href":"https:\/\/www.oficinadearte.com\/es\/wp-json\/wp\/v2\/posts\/30669\/revisions\/30706"}],"wp:featuredmedia":[{"embeddable":true,"href":"https:\/\/www.oficinadearte.com\/es\/wp-json\/wp\/v2\/media\/30685"}],"wp:attachment":[{"href":"https:\/\/www.oficinadearte.com\/es\/wp-json\/wp\/v2\/media?parent=30669"}],"wp:term":[{"taxonomy":"category","embeddable":true,"href":"https:\/\/www.oficinadearte.com\/es\/wp-json\/wp\/v2\/categories?post=30669"},{"taxonomy":"post_tag","embeddable":true,"href":"https:\/\/www.oficinadearte.com\/es\/wp-json\/wp\/v2\/tags?post=30669"}],"curies":[{"name":"wp","href":"https:\/\/api.w.org\/{rel}","templated":true}]}}