{"id":30708,"date":"2020-04-11T15:20:27","date_gmt":"2020-04-11T13:20:27","guid":{"rendered":"https:\/\/www.oficinadearte.com\/?p=30708"},"modified":"2020-08-28T11:30:13","modified_gmt":"2020-08-28T09:30:13","slug":"solidaridad-de-empresas-en-tiempos-del-coronavirus","status":"publish","type":"post","link":"https:\/\/www.oficinadearte.com\/es\/solidaridad-de-empresas-en-tiempos-del-coronavirus\/","title":{"rendered":"Iniciativas responsables y solidarias de empresas en tiempos del coronavirus"},"content":{"rendered":"<div class=\"wpb-content-wrapper\"><p>[vc_row][vc_column][vc_row_inner][vc_column_inner]<div class=\"clearboth\"><\/div><style>#thegem-divider-69f4f3c4d88e5 {margin-bottom: 40px !important;}<\/style><div id=\"thegem-divider-69f4f3c4d88e5\" class=\"gem-divider  \" style=\"\" ><\/div>[\/vc_column_inner][\/vc_row_inner][\/vc_column][\/vc_row][vc_row][vc_column width=\u00bb2\/3&#8243;][vc_column_text]<\/p>\n<h1>Iniciativas responsables y solidarias de empresas en tiempos del coronavirus_<\/h1>\n<p>[\/vc_column_text][vc_single_image image=\u00bb30732&#8243; img_size=\u00bbfull\u00bb css=\u00bb.vc_custom_1586611084450{padding-top: 20px !important;padding-bottom: 20px !important;}\u00bb][vc_column_text]<strong>Durante estos d\u00edas, todos estamos volcados de un modo u otro en contribuir a paliar los efectos de la terrible crisis sanitaria que estamos viviendo por el coronavirus. En este post queremos destacar como algunos de nuestros clientes, sin importar el tama\u00f1o de su empresa, comparten lo que tienen, poniendo a disposici\u00f3n de la sociedad sus medios o conocimientos, en una muestra de empat\u00eda, solidaridad y generosidad. Este virus lo paramos entre todos.<\/strong>[\/vc_column_text][vc_column_text css=\u00bb.vc_custom_1586610604204{padding-top: 20px !important;}\u00bb]<\/p>\n<h2>Hispacold fabrica m\u00e1scaras protectoras para el personal sanitario del Hospital Virgen Macarena de Sevilla_<\/h2>\n<p>[\/vc_column_text][vc_column_text]Ante la escasez de equipos de protecci\u00f3n individual que sufren los hospitales y centros de salud de Sevilla, nuestro cliente <strong><a href=\"https:\/\/www.hispacold.es\/es\/inicio\">Hispacold<\/a> se suma a las m\u00faltiples iniciativas de apoyo de empresas y particulares por la crisis del Covid-19, fabricando en su impresora 3D m\u00e1scaras protectoras para los profesionales sanitarios del Hospital Virgen Macarena.<\/strong><\/p>\n<p>Los soportes producidos por Hispacold permiten el <b>ensamblaje de viseras en acetato<\/b> para configurar una m\u00e1scara efectiva para la protecci\u00f3n del personal de Urgencias, UCI y quir\u00f3fanos.<\/p>\n<p>Siguiendo las recomendaciones de la Organizaci\u00f3n Mundial de la Salud y el Ministerio de Sanidad, Hispacold ha aplicado medidas preventivas del contagio como la implementaci\u00f3n del teletrabajo o la restricci\u00f3n de los desplazamientos, as\u00ed como protocolos de higiene y vigilancia de la salud con el objetivo de contribuir a contener la expansi\u00f3n de la pandemia.<\/p>\n<p>Esta empresa internacional, cuyas sus oficinas centrales se ubican en el sevillano Pol\u00edgono Industrial El Pino, es especialista en dise\u00f1ar, fabricar y comercializar equipos y componentes para la climatizaci\u00f3n de autobuses y autocares convencionales, h\u00edbridos y el\u00e9ctricos y veh\u00edculos ferroviarios, adaptados a los climas m\u00e1s adversos.[\/vc_column_text][vc_single_image image=\u00bb30724&#8243; img_size=\u00bbfull\u00bb css=\u00bb.vc_custom_1586610463944{padding-top: 20px !important;padding-bottom: 20px !important;}\u00bb][vc_column_text]<\/p>\n<h2>Coronavirus &#8211; BGI: the magazine of the international independent law firms associated with BGI_<\/h2>\n<p>[\/vc_column_text][vc_column_text]Balms Group International (BGI) es una importante organizaci\u00f3n internacional de firmas de abogados independientes de tama\u00f1o medio, que cuenta con un equipo de m\u00e1s de 500 profesionales ejerciendo en m\u00e1s de 25 pa\u00edses.<\/p>\n<p>Mediante<strong> <a href=\"https:\/\/www.bgimagazine.com\/es\/\">BGI Magazine<\/a>, <\/strong>la firma internacional ofrece una<strong> selecci\u00f3n de las \u00faltimas noticias jur\u00eddicas, novedades legislativas y los temas m\u00e1s interesantes en materia fiscal-tributaria sobre el Covid-19,<\/strong> as\u00ed como las medidas\u00a0adoptadas por los diferentes Gobiernos en en aquellos pa\u00edses con despachos asociados para superar la crisis del coronavirus.[\/vc_column_text][vc_single_image image=\u00bb30720&#8243; img_size=\u00bbfull\u00bb css=\u00bb.vc_custom_1586610489649{padding-top: 20px !important;padding-bottom: 20px !important;}\u00bb][vc_column_text]<\/p>\n<h2>Balms Abogados: m\u00e1s informaci\u00f3n jur\u00eddica ante el coronavirus_<\/h2>\n<p>[\/vc_column_text][vc_column_text]Asimismo, nuestro cliente <a href=\"https:\/\/www.balms.es\/es\/\"><strong>Balms Abogados<\/strong><\/a> ha adoptado medidas de organizaci\u00f3n y teletrabajo para poder seguir asesorando y ayudando a su clientela. En estos d\u00edas son numerosas las consultas que atienden y est\u00e1n realizando un<span class=\"Apple-converted-space\">\u00a0 <\/span>trabajo encomiable sobre las consecuencias que la crisis del coronavirus est\u00e1n teniendo en la actividad econ\u00f3mica y empresarial. <strong>Trabajan a destajo en las medidas econ\u00f3micas, laborales y fiscales adoptadas por el Gobierno para superar esta crisis.<\/strong><\/p>\n<p>\u201cEn particular, estamos trabajando ya en las medidas laborales, informando a los clientes del procedimiento y funcionamiento de los Expedientes de Regulaci\u00f3n Temporal de Empleo. Asimismo, estamos trabajando en las medidas fiscales aprobadas el pasado d\u00eda 12 de marzo, mediante Real Decreto-ley 7\/2020, que permite aplazar el pago de determinadas deudas tributarias hasta el 30 de mayo de 2020\u201d, afirma Juan Luis Balmaseda de Ahumada, presidente de Balms Abogados.<\/p>\n<p>\u201cEn los pr\u00f3ximos d\u00edas iremos informando de las diferentes medidas legales que se vayan adoptando desde el Gobierno, -contin\u00faa Balmaseda- para que nuestros clientes puedan superar esta situaci\u00f3n con el mejor asesoramiento y con toda la atenci\u00f3n que siempre reciben de Balms Abogados\u201d.<\/p>\n<p>En su blog corporativo, encontramos casi una veintena de entradas relacionadas con la actualidad del COVID-19: <a href=\"https:\/\/www.balms.es\/es\/blog\/25\/actualidad-covid-19\/1289\/moratoria-arrendamiento-resumen-de-las-medidas-adoptadas-por-el-real-decreto-ley-112020-de-31-de-marzo\">\u2018<\/a><b><a href=\"https:\/\/www.balms.es\/es\/blog\/25\/actualidad-covid-19\/1289\/moratoria-arrendamiento-resumen-de-las-medidas-adoptadas-por-el-real-decreto-ley-112020-de-31-de-marzo\">Moratoria hipotecaria. Medidas adoptadas por el Real Decreto-Ley 11\/2020, de 31 de marzo\u2019,<\/a> <a href=\"https:\/\/www.balms.es\/es\/blog\/25\/actualidad-covid-19\/1288\/moratoria-hipotecaria-medidas-adoptadas-por-el-real-decreto-ley-112020-de-31-de-marzo\">\u2018Moratoria arrendamiento. Resumen de las medidas adoptadas por el Real Decreto-Ley 11\/2020, de 31 de marzo\u2019<\/a>, \u2018<\/b><a href=\"https:\/\/www.balms.es\/es\/blog\/25\/actualidad-covid-19\/1287\/preguntas-y-respuestas-del-empresario-en-el-ambito-mercantil-frente-al-covid-19\"><b>Preguntas y respuestas del empresario en el \u00e1mbito mercantil frente al Covid-19<\/b><\/a><b>\u2019<\/b>, \u2018<a href=\"https:\/\/www.balms.es\/es\/blog\/25\/actualidad-covid-19\/1273\/pandemia-covid-19--como-hacer-un-testamento-valido\"><b>Pandemia Covid-19- C\u00f3mo hacer un testamento v\u00e1lido<\/b><\/a><b>\u2019, <a href=\"https:\/\/www.balms.es\/es\/blog\/25\/actualidad-covid-19\/1284\/que-tengo-que-saber-sobre-los-erte\">\u2018\u00bfQu\u00e9 tengo que saber sobre los ERTE?\u2019,<\/a><a href=\"https:\/\/www.balms.es\/es\/blog\/25\/actualidad-covid-19\/1270\/silencio-administrativo-y-erte-por-fuerza-mayor-en-estado-de-alarma-por-covid-19\"> \u2018Silencio administrativo y ERTE por fuerza mayor en Estado de Alarma por COVID-19\u2019\u2026<\/a><\/b>[\/vc_column_text][vc_single_image image=\u00bb30739&#8243; img_size=\u00bbfull\u00bb css=\u00bb.vc_custom_1586856706074{padding-top: 20px !important;padding-bottom: 20px !important;}\u00bb][vc_column_text]<\/p>\n<h2>Casta\u00f1uelas Pali: diversi\u00f3n y entretenimiento para animar el confinamiento_<\/h2>\n<p>[\/vc_column_text][vc_column_text]<a href=\"https:\/\/www.castanuelaspali.com\/es\/\"><strong>Casta\u00f1uelas Pali<\/strong><\/a> es una empresa sevillana regentada por Carlos Garc\u00eda Calder\u00f3n, un enamorado de este instrumento. Ofrece al mercado nuevas propuestas con dise\u00f1os modernos y actuales, como la casta\u00f1uela transparente, la funda de microfibra o los cordones de colores. Adem\u00e1s cuenta con el modelo de casta\u00f1uela m\u00e1s ligero de peso en el mercado.<br \/>\nOtra de sus innovaciones en el sector es la personalizaci\u00f3n de casta\u00f1uelas. <strong>Gracias al configurador de su web, dise\u00f1ada por <a href=\"https:\/\/www.oficinadearte.com\/es\/diseno-y-desarrollo-web\/\">Oficina de Arte,<\/a> se puede elegir un par de casta\u00f1uelas de entre m\u00e1s de 60 combinaciones posibles.<\/strong><br \/>\nEstos d\u00edas su community manager se est\u00e1 empleando a fondo para divertirnos y hacernos m\u00e1s llevadero el confinamiento.<strong> A trav\u00e9s de sus redes sociales ofrece tutoriales para aprender a tocar los palillos, retos, videollamadas m\u00faltiples en las que todos tocan al un\u00edsono las casta\u00f1uelas o v\u00eddeos virales<\/strong> desde el balc\u00f3n como el de las sevillanas \u201cEstoy atac\u00e1\u201d de Martirio, que nos ha arrancado una carcajada en pleno confinamiento.[\/vc_column_text][vc_single_image image=\u00bb30726&#8243; img_size=\u00bbfull\u00bb css=\u00bb.vc_custom_1586610528536{padding-top: 20px !important;padding-bottom: 20px !important;}\u00bb][vc_column_text]Estas empresas, en la medida de sus posibilidades, realizan un gran ejercicio de solidaridad. Si eres nuestro cliente y tambi\u00e9n te has<span class=\"Apple-converted-space\">\u00a0<\/span>adaptado y transformado durante la crisis sanitaria del coronavirus, si realizas labores solidarias,<strong><a href=\"https:\/\/www.oficinadearte.com\/es\/contacto\/\"> contacta con nosotros<\/a> y cu\u00e9ntanos c\u00f3mo est\u00e1is contribuyendo para paliar los efectos de esta pandemia en la sociedad.<\/strong> Actualizaremos esta entrada y contaremos tu caso. Queremos darte voz. <strong>En <a href=\"https:\/\/www.oficinadearte.com\/es\/\">Oficina de Arte<\/a> estamos contigo, ahora m\u00e1s que nunca.<\/strong> #EstoNOtienequePARAR[\/vc_column_text][\/vc_column][vc_column width=\u00bb1\/3&#8243;][vc_widget_sidebar sidebar_id=\u00bbpage-sidebar\u00bb][\/vc_column][\/vc_row]<\/p>\n<\/div>","protected":false},"excerpt":{"rendered":"<p>Durante estos d\u00edas, todos estamos volcados de un modo u otro en contribuir a paliar los efectos de la terrible crisis sanitaria que estamos viviendo. En este post queremos destacar como Hispacold, BGI, Balms Abogados o Casta\u00f1uelas Pali, clientes de Oficina de Arte, comparten lo que tienen, poniendo a disposici\u00f3n de la sociedad sus medios o conocimientos, en una muestra de empat\u00eda, solidaridad y generosidad. Este virus lo paramos entre todos.<\/p>\n","protected":false},"author":3,"featured_media":30732,"comment_status":"open","ping_status":"open","sticky":false,"template":"","format":"standard","meta":{"footnotes":""},"categories":[140,179,182,113,153,180,112],"tags":[],"class_list":{"0":"post-30708","1":"post","2":"type-post","3":"status-publish","4":"format-standard","5":"has-post-thumbnail","7":"category-corporativo","8":"category-diseno-grafico","9":"category-marketing","10":"category-publicidad","11":"category-redes-sociales","12":"category-responsabilidad-social-corporativa","13":"category-web"},"yoast_head":"<!-- This site is optimized with the Yoast SEO plugin v26.6 - https:\/\/yoast.com\/wordpress\/plugins\/seo\/ -->\n<title>Empresas con iniciativas responsables y solidarias en tiempos del coronavirus<\/title>\n<meta name=\"description\" content=\"En Oficina de Arte destacamos la solidaridad de nuestros clientes, volcados en paliar los efectos de la crisis sanitaria provocada por el coronavirus.\" \/>\n<meta name=\"robots\" content=\"index, follow, max-snippet:-1, max-image-preview:large, max-video-preview:-1\" \/>\n<link rel=\"canonical\" href=\"https:\/\/www.oficinadearte.com\/es\/solidaridad-de-empresas-en-tiempos-del-coronavirus\/\" \/>\n<meta property=\"og:locale\" content=\"es_ES\" \/>\n<meta property=\"og:type\" content=\"article\" \/>\n<meta property=\"og:title\" content=\"Empresas con iniciativas responsables y solidarias en tiempos del coronavirus\" \/>\n<meta property=\"og:description\" content=\"En Oficina de Arte destacamos la solidaridad de nuestros clientes, volcados en paliar los efectos de la crisis sanitaria provocada por el coronavirus.\" \/>\n<meta property=\"og:url\" content=\"https:\/\/www.oficinadearte.com\/es\/solidaridad-de-empresas-en-tiempos-del-coronavirus\/\" \/>\n<meta property=\"og:site_name\" content=\"Oficina de Arte\" \/>\n<meta property=\"article:published_time\" content=\"2020-04-11T13:20:27+00:00\" \/>\n<meta property=\"article:modified_time\" content=\"2020-08-28T09:30:13+00:00\" \/>\n<meta property=\"og:image\" content=\"https:\/\/www.oficinadearte.com\/wp-content\/uploads\/2020\/04\/oficinadearte-coronavirus-800x450.png\" \/>\n\t<meta property=\"og:image:width\" content=\"800\" \/>\n\t<meta property=\"og:image:height\" content=\"450\" \/>\n\t<meta property=\"og:image:type\" content=\"image\/png\" \/>\n<meta name=\"author\" content=\"Redacci\u00f3n\" \/>\n<meta name=\"twitter:card\" content=\"summary_large_image\" \/>\n<meta name=\"twitter:label1\" content=\"Escrito por\" \/>\n\t<meta name=\"twitter:data1\" content=\"Redacci\u00f3n\" \/>\n\t<meta name=\"twitter:label2\" content=\"Tiempo de lectura\" \/>\n\t<meta name=\"twitter:data2\" content=\"6 minutos\" \/>\n<script type=\"application\/ld+json\" class=\"yoast-schema-graph\">{\"@context\":\"https:\/\/schema.org\",\"@graph\":[{\"@type\":\"WebPage\",\"@id\":\"https:\/\/www.oficinadearte.com\/es\/solidaridad-de-empresas-en-tiempos-del-coronavirus\/\",\"url\":\"https:\/\/www.oficinadearte.com\/es\/solidaridad-de-empresas-en-tiempos-del-coronavirus\/\",\"name\":\"Empresas con iniciativas responsables y solidarias en tiempos del coronavirus\",\"isPartOf\":{\"@id\":\"https:\/\/www.oficinadearte.com\/es\/#website\"},\"primaryImageOfPage\":{\"@id\":\"https:\/\/www.oficinadearte.com\/es\/solidaridad-de-empresas-en-tiempos-del-coronavirus\/#primaryimage\"},\"image\":{\"@id\":\"https:\/\/www.oficinadearte.com\/es\/solidaridad-de-empresas-en-tiempos-del-coronavirus\/#primaryimage\"},\"thumbnailUrl\":\"https:\/\/www.oficinadearte.com\/wp-content\/uploads\/2020\/04\/oficinadearte-coronavirus.png\",\"datePublished\":\"2020-04-11T13:20:27+00:00\",\"dateModified\":\"2020-08-28T09:30:13+00:00\",\"author\":{\"@id\":\"https:\/\/www.oficinadearte.com\/es\/#\/schema\/person\/9f461da2dfe10c8213d04a4b8dda5b59\"},\"description\":\"En Oficina de Arte destacamos la solidaridad de nuestros clientes, volcados en paliar los efectos de la crisis sanitaria provocada por el coronavirus.\",\"breadcrumb\":{\"@id\":\"https:\/\/www.oficinadearte.com\/es\/solidaridad-de-empresas-en-tiempos-del-coronavirus\/#breadcrumb\"},\"inLanguage\":\"es\",\"potentialAction\":[{\"@type\":\"ReadAction\",\"target\":[\"https:\/\/www.oficinadearte.com\/es\/solidaridad-de-empresas-en-tiempos-del-coronavirus\/\"]}]},{\"@type\":\"ImageObject\",\"inLanguage\":\"es\",\"@id\":\"https:\/\/www.oficinadearte.com\/es\/solidaridad-de-empresas-en-tiempos-del-coronavirus\/#primaryimage\",\"url\":\"https:\/\/www.oficinadearte.com\/wp-content\/uploads\/2020\/04\/oficinadearte-coronavirus.png\",\"contentUrl\":\"https:\/\/www.oficinadearte.com\/wp-content\/uploads\/2020\/04\/oficinadearte-coronavirus.png\",\"width\":1920,\"height\":1080,\"caption\":\"Oficina de Arte - coronavirus\"},{\"@type\":\"BreadcrumbList\",\"@id\":\"https:\/\/www.oficinadearte.com\/es\/solidaridad-de-empresas-en-tiempos-del-coronavirus\/#breadcrumb\",\"itemListElement\":[{\"@type\":\"ListItem\",\"position\":1,\"name\":\"Portada\",\"item\":\"https:\/\/www.oficinadearte.com\/es\/\"},{\"@type\":\"ListItem\",\"position\":2,\"name\":\"Iniciativas responsables y solidarias de empresas en tiempos del coronavirus\"}]},{\"@type\":\"WebSite\",\"@id\":\"https:\/\/www.oficinadearte.com\/es\/#website\",\"url\":\"https:\/\/www.oficinadearte.com\/es\/\",\"name\":\"Oficina de Arte\",\"description\":\"Agencia de Dise\u00f1o Gr\u00e1fico\",\"potentialAction\":[{\"@type\":\"SearchAction\",\"target\":{\"@type\":\"EntryPoint\",\"urlTemplate\":\"https:\/\/www.oficinadearte.com\/es\/?s={search_term_string}\"},\"query-input\":{\"@type\":\"PropertyValueSpecification\",\"valueRequired\":true,\"valueName\":\"search_term_string\"}}],\"inLanguage\":\"es\"},{\"@type\":\"Person\",\"@id\":\"https:\/\/www.oficinadearte.com\/es\/#\/schema\/person\/9f461da2dfe10c8213d04a4b8dda5b59\",\"name\":\"Redacci\u00f3n\",\"image\":{\"@type\":\"ImageObject\",\"inLanguage\":\"es\",\"@id\":\"https:\/\/www.oficinadearte.com\/es\/#\/schema\/person\/image\/\",\"url\":\"https:\/\/secure.gravatar.com\/avatar\/3619530100c567f86f3c26573a234537b1bbea46c953d65a3dfbc0feb52b1c9d?s=96&d=mm&r=g\",\"contentUrl\":\"https:\/\/secure.gravatar.com\/avatar\/3619530100c567f86f3c26573a234537b1bbea46c953d65a3dfbc0feb52b1c9d?s=96&d=mm&r=g\",\"caption\":\"Redacci\u00f3n\"},\"url\":\"https:\/\/www.oficinadearte.com\/es\/author\/inma-tenor\/\"}]}<\/script>\n<!-- \/ Yoast SEO plugin. -->","yoast_head_json":{"title":"Empresas con iniciativas responsables y solidarias en tiempos del coronavirus","description":"En Oficina de Arte destacamos la solidaridad de nuestros clientes, volcados en paliar los efectos de la crisis sanitaria provocada por el coronavirus.","robots":{"index":"index","follow":"follow","max-snippet":"max-snippet:-1","max-image-preview":"max-image-preview:large","max-video-preview":"max-video-preview:-1"},"canonical":"https:\/\/www.oficinadearte.com\/es\/solidaridad-de-empresas-en-tiempos-del-coronavirus\/","og_locale":"es_ES","og_type":"article","og_title":"Empresas con iniciativas responsables y solidarias en tiempos del coronavirus","og_description":"En Oficina de Arte destacamos la solidaridad de nuestros clientes, volcados en paliar los efectos de la crisis sanitaria provocada por el coronavirus.","og_url":"https:\/\/www.oficinadearte.com\/es\/solidaridad-de-empresas-en-tiempos-del-coronavirus\/","og_site_name":"Oficina de Arte","article_published_time":"2020-04-11T13:20:27+00:00","article_modified_time":"2020-08-28T09:30:13+00:00","og_image":[{"width":800,"height":450,"url":"https:\/\/www.oficinadearte.com\/wp-content\/uploads\/2020\/04\/oficinadearte-coronavirus-800x450.png","type":"image\/png"}],"author":"Redacci\u00f3n","twitter_card":"summary_large_image","twitter_misc":{"Escrito por":"Redacci\u00f3n","Tiempo de lectura":"6 minutos"},"schema":{"@context":"https:\/\/schema.org","@graph":[{"@type":"WebPage","@id":"https:\/\/www.oficinadearte.com\/es\/solidaridad-de-empresas-en-tiempos-del-coronavirus\/","url":"https:\/\/www.oficinadearte.com\/es\/solidaridad-de-empresas-en-tiempos-del-coronavirus\/","name":"Empresas con iniciativas responsables y solidarias en tiempos del coronavirus","isPartOf":{"@id":"https:\/\/www.oficinadearte.com\/es\/#website"},"primaryImageOfPage":{"@id":"https:\/\/www.oficinadearte.com\/es\/solidaridad-de-empresas-en-tiempos-del-coronavirus\/#primaryimage"},"image":{"@id":"https:\/\/www.oficinadearte.com\/es\/solidaridad-de-empresas-en-tiempos-del-coronavirus\/#primaryimage"},"thumbnailUrl":"https:\/\/www.oficinadearte.com\/wp-content\/uploads\/2020\/04\/oficinadearte-coronavirus.png","datePublished":"2020-04-11T13:20:27+00:00","dateModified":"2020-08-28T09:30:13+00:00","author":{"@id":"https:\/\/www.oficinadearte.com\/es\/#\/schema\/person\/9f461da2dfe10c8213d04a4b8dda5b59"},"description":"En Oficina de Arte destacamos la solidaridad de nuestros clientes, volcados en paliar los efectos de la crisis sanitaria provocada por el coronavirus.","breadcrumb":{"@id":"https:\/\/www.oficinadearte.com\/es\/solidaridad-de-empresas-en-tiempos-del-coronavirus\/#breadcrumb"},"inLanguage":"es","potentialAction":[{"@type":"ReadAction","target":["https:\/\/www.oficinadearte.com\/es\/solidaridad-de-empresas-en-tiempos-del-coronavirus\/"]}]},{"@type":"ImageObject","inLanguage":"es","@id":"https:\/\/www.oficinadearte.com\/es\/solidaridad-de-empresas-en-tiempos-del-coronavirus\/#primaryimage","url":"https:\/\/www.oficinadearte.com\/wp-content\/uploads\/2020\/04\/oficinadearte-coronavirus.png","contentUrl":"https:\/\/www.oficinadearte.com\/wp-content\/uploads\/2020\/04\/oficinadearte-coronavirus.png","width":1920,"height":1080,"caption":"Oficina de Arte - coronavirus"},{"@type":"BreadcrumbList","@id":"https:\/\/www.oficinadearte.com\/es\/solidaridad-de-empresas-en-tiempos-del-coronavirus\/#breadcrumb","itemListElement":[{"@type":"ListItem","position":1,"name":"Portada","item":"https:\/\/www.oficinadearte.com\/es\/"},{"@type":"ListItem","position":2,"name":"Iniciativas responsables y solidarias de empresas en tiempos del coronavirus"}]},{"@type":"WebSite","@id":"https:\/\/www.oficinadearte.com\/es\/#website","url":"https:\/\/www.oficinadearte.com\/es\/","name":"Oficina de Arte","description":"Agencia de Dise\u00f1o Gr\u00e1fico","potentialAction":[{"@type":"SearchAction","target":{"@type":"EntryPoint","urlTemplate":"https:\/\/www.oficinadearte.com\/es\/?s={search_term_string}"},"query-input":{"@type":"PropertyValueSpecification","valueRequired":true,"valueName":"search_term_string"}}],"inLanguage":"es"},{"@type":"Person","@id":"https:\/\/www.oficinadearte.com\/es\/#\/schema\/person\/9f461da2dfe10c8213d04a4b8dda5b59","name":"Redacci\u00f3n","image":{"@type":"ImageObject","inLanguage":"es","@id":"https:\/\/www.oficinadearte.com\/es\/#\/schema\/person\/image\/","url":"https:\/\/secure.gravatar.com\/avatar\/3619530100c567f86f3c26573a234537b1bbea46c953d65a3dfbc0feb52b1c9d?s=96&d=mm&r=g","contentUrl":"https:\/\/secure.gravatar.com\/avatar\/3619530100c567f86f3c26573a234537b1bbea46c953d65a3dfbc0feb52b1c9d?s=96&d=mm&r=g","caption":"Redacci\u00f3n"},"url":"https:\/\/www.oficinadearte.com\/es\/author\/inma-tenor\/"}]}},"menu_order":0,"_links":{"self":[{"href":"https:\/\/www.oficinadearte.com\/es\/wp-json\/wp\/v2\/posts\/30708","targetHints":{"allow":["GET"]}}],"collection":[{"href":"https:\/\/www.oficinadearte.com\/es\/wp-json\/wp\/v2\/posts"}],"about":[{"href":"https:\/\/www.oficinadearte.com\/es\/wp-json\/wp\/v2\/types\/post"}],"author":[{"embeddable":true,"href":"https:\/\/www.oficinadearte.com\/es\/wp-json\/wp\/v2\/users\/3"}],"replies":[{"embeddable":true,"href":"https:\/\/www.oficinadearte.com\/es\/wp-json\/wp\/v2\/comments?post=30708"}],"version-history":[{"count":15,"href":"https:\/\/www.oficinadearte.com\/es\/wp-json\/wp\/v2\/posts\/30708\/revisions"}],"predecessor-version":[{"id":30742,"href":"https:\/\/www.oficinadearte.com\/es\/wp-json\/wp\/v2\/posts\/30708\/revisions\/30742"}],"wp:featuredmedia":[{"embeddable":true,"href":"https:\/\/www.oficinadearte.com\/es\/wp-json\/wp\/v2\/media\/30732"}],"wp:attachment":[{"href":"https:\/\/www.oficinadearte.com\/es\/wp-json\/wp\/v2\/media?parent=30708"}],"wp:term":[{"taxonomy":"category","embeddable":true,"href":"https:\/\/www.oficinadearte.com\/es\/wp-json\/wp\/v2\/categories?post=30708"},{"taxonomy":"post_tag","embeddable":true,"href":"https:\/\/www.oficinadearte.com\/es\/wp-json\/wp\/v2\/tags?post=30708"}],"curies":[{"name":"wp","href":"https:\/\/api.w.org\/{rel}","templated":true}]}}