{"id":30915,"date":"2020-11-25T21:55:44","date_gmt":"2020-11-25T20:55:44","guid":{"rendered":"https:\/\/www.oficinadearte.com\/?p=30915"},"modified":"2020-12-01T07:55:38","modified_gmt":"2020-12-01T06:55:38","slug":"diseno-de-farmacia","status":"publish","type":"post","link":"https:\/\/www.oficinadearte.com\/es\/diseno-de-farmacia\/","title":{"rendered":"Dise\u00f1o de la Farmacia Hern\u00e1ndez, un cambio para seguir siendo la misma"},"content":{"rendered":"<div class=\"wpb-content-wrapper\"><p>[vc_row][vc_column][vc_row_inner][vc_column_inner]<div class=\"clearboth\"><\/div><style>#thegem-divider-69f563e04746e {margin-bottom: 40px !important;}<\/style><div id=\"thegem-divider-69f563e04746e\" class=\"gem-divider  \" style=\"\" ><\/div>[\/vc_column_inner][\/vc_row_inner][\/vc_column][\/vc_row][vc_row][vc_column width=\u00bb2\/3&#8243;][vc_column_text]<\/p>\n<h1>Dise\u00f1o de la Farmacia Hern\u00e1ndez, un cambio para seguir siendo la misma_<\/h1>\n<p>[\/vc_column_text][vc_single_image image=\u00bb30921&#8243; img_size=\u00bbfull\u00bb css=\u00bb.vc_custom_1606337214541{padding-top: 40px !important;padding-bottom: 40px !important;}\u00bb][vc_column_text]<strong>La comunicaci\u00f3n visual de una farmacia la distingue de sus competidores y dirige a sus clientes, por eso debe estar realizada siempre por dise\u00f1adores gr\u00e1ficos especializados, como los que contamos en Oficina de Arte. En esta ocasi\u00f3n os presentamos, la identidad y el estilo que hemos implantado en la Farmacia Hern\u00e1ndez de Algeciras (C\u00e1diz).<\/strong>[\/vc_column_text][vc_column_text]Fachada, logotipo, mobiliario, uniformes, se\u00f1al\u00e9tica, colores, rotulaci\u00f3n\u2026 han de tener una imagen y estilo coherente que se identifique a primera vista. <strong>En nuestra agencia aportamos un punto de vista diferente en el dise\u00f1o, proyectando una imagen de la farmacia Hern\u00e1ndez atractiva y novedosa, sin perder de vista la funcionalidad de esta actividad sanitaria.<\/strong><\/p>\n<p>Nos centramos en crear nuevos conceptos adaptados al entorno, el gusto y la personalidad del cliente. Y pretendemos sacar mayor rendimiento a la fachada, logrando una mayor visibilidad y por lo tanto una mayor afluencia de p\u00fablico, as\u00ed como a sus espacios expositivos.[\/vc_column_text][vc_single_image image=\u00bb30931&#8243; img_size=\u00bbfull\u00bb alignment=\u00bbcenter\u00bb css=\u00bb.vc_custom_1606337704623{padding-top: 40px !important;padding-bottom: 40px !important;}\u00bb][vc_column_text]<\/p>\n<h2>Crear identidad y estilo, vital en el dise\u00f1o de farmacia_<\/h2>\n<p>[\/vc_column_text][vc_column_text]Uno de los aspectos m\u00e1s importantes a la hora del dise\u00f1o de farmacias es la creaci\u00f3n de su identidad propia. Para crear una identidad identificable <strong>es fundamental que todos los elementos que componen la farmacia (logotipo, fachada, mobiliario, colores, rotulaci\u00f3n&#8230;) tengan una misma imagen y un estilo que se identifique a primera vista.<\/strong><\/p>\n<p>Con unidad de todos los elementos que componen la farmacia conseguiremos crear un sitio agradable y reconfortante para que <strong>el cliente pueda sentir que realiza la compra de sus medicamentos o del cuidado personal en un establecimiento de confianza.<\/strong><\/p>\n<p>En este sentido, la farmacia tiene que definir un estilo propio, una marca que refleje el conjunto de los productos y servicios que se pueden obtener all\u00ed. Esto aumentar\u00e1 la experiencia de compra de cada cliente y ayudar\u00e1 a retener en su mente para futuras compras, de esta manera ser\u00e1 m\u00e1s f\u00e1cil\u00a0fidelizar nuevos p\u00fablicos.[\/vc_column_text][vc_single_image image=\u00bb30933&#8243; img_size=\u00bbfull\u00bb css=\u00bb.vc_custom_1606339640799{padding-top: 0px !important;padding-bottom: 0px !important;}\u00bb][vc_single_image image=\u00bb30923&#8243; img_size=\u00bbfull\u00bb css=\u00bb.vc_custom_1606339368610{padding-top: 0px !important;padding-bottom: 0px !important;}\u00bb][vc_column_text]<\/p>\n<h2>Mobiliario y mostradores en el dise\u00f1o de espacios de la farmacia_<\/h2>\n<p>[\/vc_column_text][vc_column_text]Por otra parte, al organizar la estructura de la farmacia, uno de los aspectos fundamentales que hay que desarrollar con sumo cuidado es su mobiliario. Se trata de un proceso que requiere estrategia y planificaci\u00f3n en todo momento, para asegurar la mayor cantidad de ventas posibles.<\/p>\n<p><strong>Hay que contar con una eficiente rotaci\u00f3n de los productos a trav\u00e9s de un mobiliario flexible y adaptable a las necesidades particulares del mercado y de un determinado momento o \u00e9poca del a\u00f1o.<\/strong><\/p>\n<p>As\u00ed, hemos dispuesto m\u00e1s estanter\u00edas en la entrada de la farmacia, con una mejor distribuci\u00f3n para poder disfrutar de la zona de cuidados y cosm\u00e9tica, en la que el personal atender\u00e1 y aconsejar\u00e1 al p\u00fablico interesado.<\/p>\n<p>En los \u00faltimos a\u00f1os, la modernizaci\u00f3n de los sistemas de las farmacias, mediante robots automatizados, ha conseguido reducir el espacio de mostrador y retrasarlo en gran medida. Este hecho ha liberado un espacio para dedicarlo a la venta sin receta, cosm\u00e9tica, accesorios ortop\u00e9dicos, alimentaci\u00f3n infantil, etc.<\/p>\n<p>Adem\u00e1s, hemos incorporado <strong>mostradores individuales para proporcionar una atenci\u00f3n m\u00e1s personalizada a cada cliente<\/strong> y, en los momentos actuales\u00a0marcados por la Covid-19, mantener la distancia social.[\/vc_column_text][vc_single_image image=\u00bb30935&#8243; img_size=\u00bbfull\u00bb css=\u00bb.vc_custom_1606337387946{padding-top: 40px !important;padding-bottom: 40px !important;}\u00bb][vc_column_text]<\/p>\n<h2>Dise\u00f1o de farmacia: combinaci\u00f3n de luz natural y artificial, y muchos blancos_<\/h2>\n<p>[\/vc_column_text][vc_column_text]<strong>Con iluminaci\u00f3n natural conseguimos una ambientaci\u00f3n fresca agradable<\/strong>, potenciando la visualizaci\u00f3n de los productos expuestos en las estanter\u00edas y mostradores, de manera que se puedan apreciar mejor y con mayor detalle.<\/p>\n<p>Adem\u00e1s, \u00e9sta se combina con focos dirigibles en puntos estrat\u00e9gicos de la farmacia, creando puntos de inter\u00e9s para los mejores art\u00edculos, o en promoci\u00f3n, de manera que llame la atenci\u00f3n de los compradores mediante una iluminaci\u00f3n original.<\/p>\n<p>En un entorno sanitario el color blanco no puede faltar y, sobre todo, en una farmacia que tiene como mayor reclamo todo lo relacionado con la salud. <strong>El blanco aporta limpieza, pureza y serenidad.<\/strong> En el caso de las farmacias, consigue un valor a\u00f1adido puesto que concede el protagonismo al gran colorido de los productos.[\/vc_column_text][vc_single_image image=\u00bb30937&#8243; img_size=\u00bbfull\u00bb css=\u00bb.vc_custom_1606337279230{padding-top: 40px !important;padding-bottom: 40px !important;}\u00bb][vc_column_text]Si te ha gustado el <strong>dise\u00f1o de la <a href=\"https:\/\/www.facebook.com\/FciaHernandez\">Farmacia Hern\u00e1ndez<\/a> <\/strong>y tienes necesidades para el <strong>dise\u00f1o de tu farmacia,<\/strong> cl\u00ednica o cualquier otro negocio, es el momento de que contactes con <strong><a href=\"https:\/\/www.oficinadearte.com\/es\/contacto\/\">Oficina de Arte<\/a> <\/strong>y nos cuentes tus proyectos. \u00a1Vamos![\/vc_column_text][\/vc_column][vc_column width=\u00bb1\/3&#8243;][vc_widget_sidebar sidebar_id=\u00bbpage-sidebar\u00bb][\/vc_column][\/vc_row]<\/p>\n<\/div>","protected":false},"excerpt":{"rendered":"<p>La comunicaci\u00f3n visual de una farmacia la distingue de sus competidores y dirige a sus clientes, por eso debe estar realizada siempre por dise\u00f1adores gr\u00e1ficos especializados, como los que contamos en Oficina de Arte. En esta ocasi\u00f3n os presentamos, la identidad y el estilo que hemos implantado en la Farmacia Hern\u00e1ndez de Algeciras (C\u00e1diz).<\/p>\n","protected":false},"author":3,"featured_media":30921,"comment_status":"open","ping_status":"open","sticky":false,"template":"","format":"standard","meta":{"footnotes":""},"categories":[179,130,111,182],"tags":[],"class_list":{"0":"post-30915","1":"post","2":"type-post","3":"status-publish","4":"format-standard","5":"has-post-thumbnail","7":"category-diseno-grafico","8":"category-espacios","9":"category-identidad-corporativa","10":"category-marketing"},"yoast_head":"<!-- This site is optimized with the Yoast SEO plugin v26.6 - https:\/\/yoast.com\/wordpress\/plugins\/seo\/ -->\n<title>Dise\u00f1o de la farmacia Hern\u00e1ndez de Algeciras | Oficina de Arte<\/title>\n<meta name=\"description\" content=\"El dise\u00f1o de la Farmacia Hern\u00e1ndez la distingue de sus competidores con una identidad coherente implantada por Oficina de Arte. \u00bfTe gusta?\" \/>\n<meta name=\"robots\" content=\"index, follow, max-snippet:-1, max-image-preview:large, max-video-preview:-1\" \/>\n<link rel=\"canonical\" href=\"https:\/\/www.oficinadearte.com\/es\/diseno-de-farmacia\/\" \/>\n<meta property=\"og:locale\" content=\"es_ES\" \/>\n<meta property=\"og:type\" content=\"article\" \/>\n<meta property=\"og:title\" content=\"Dise\u00f1o de la farmacia Hern\u00e1ndez de Algeciras | Oficina de Arte\" \/>\n<meta property=\"og:description\" content=\"El dise\u00f1o de la Farmacia Hern\u00e1ndez la distingue de sus competidores con una identidad coherente implantada por Oficina de Arte. \u00bfTe gusta?\" \/>\n<meta property=\"og:url\" content=\"https:\/\/www.oficinadearte.com\/es\/diseno-de-farmacia\/\" \/>\n<meta property=\"og:site_name\" content=\"Oficina de Arte\" \/>\n<meta property=\"article:published_time\" content=\"2020-11-25T20:55:44+00:00\" \/>\n<meta property=\"article:modified_time\" content=\"2020-12-01T06:55:38+00:00\" \/>\n<meta property=\"og:image\" content=\"https:\/\/www.oficinadearte.com\/wp-content\/uploads\/2020\/11\/Diseno-de-farmacia-hernandez-logo.png\" \/>\n\t<meta property=\"og:image:width\" content=\"1666\" \/>\n\t<meta property=\"og:image:height\" content=\"936\" \/>\n\t<meta property=\"og:image:type\" content=\"image\/png\" \/>\n<meta name=\"author\" content=\"Redacci\u00f3n\" \/>\n<meta name=\"twitter:card\" content=\"summary_large_image\" \/>\n<meta name=\"twitter:label1\" content=\"Escrito por\" \/>\n\t<meta name=\"twitter:data1\" content=\"Redacci\u00f3n\" \/>\n\t<meta name=\"twitter:label2\" content=\"Tiempo de lectura\" \/>\n\t<meta name=\"twitter:data2\" content=\"5 minutos\" \/>\n<script type=\"application\/ld+json\" class=\"yoast-schema-graph\">{\"@context\":\"https:\/\/schema.org\",\"@graph\":[{\"@type\":\"WebPage\",\"@id\":\"https:\/\/www.oficinadearte.com\/es\/diseno-de-farmacia\/\",\"url\":\"https:\/\/www.oficinadearte.com\/es\/diseno-de-farmacia\/\",\"name\":\"Dise\u00f1o de la farmacia Hern\u00e1ndez de Algeciras | Oficina de Arte\",\"isPartOf\":{\"@id\":\"https:\/\/www.oficinadearte.com\/es\/#website\"},\"primaryImageOfPage\":{\"@id\":\"https:\/\/www.oficinadearte.com\/es\/diseno-de-farmacia\/#primaryimage\"},\"image\":{\"@id\":\"https:\/\/www.oficinadearte.com\/es\/diseno-de-farmacia\/#primaryimage\"},\"thumbnailUrl\":\"https:\/\/www.oficinadearte.com\/wp-content\/uploads\/2020\/11\/Diseno-de-farmacia-hernandez-logo.png\",\"datePublished\":\"2020-11-25T20:55:44+00:00\",\"dateModified\":\"2020-12-01T06:55:38+00:00\",\"author\":{\"@id\":\"https:\/\/www.oficinadearte.com\/es\/#\/schema\/person\/9f461da2dfe10c8213d04a4b8dda5b59\"},\"description\":\"El dise\u00f1o de la Farmacia Hern\u00e1ndez la distingue de sus competidores con una identidad coherente implantada por Oficina de Arte. \u00bfTe gusta?\",\"breadcrumb\":{\"@id\":\"https:\/\/www.oficinadearte.com\/es\/diseno-de-farmacia\/#breadcrumb\"},\"inLanguage\":\"es\",\"potentialAction\":[{\"@type\":\"ReadAction\",\"target\":[\"https:\/\/www.oficinadearte.com\/es\/diseno-de-farmacia\/\"]}]},{\"@type\":\"ImageObject\",\"inLanguage\":\"es\",\"@id\":\"https:\/\/www.oficinadearte.com\/es\/diseno-de-farmacia\/#primaryimage\",\"url\":\"https:\/\/www.oficinadearte.com\/wp-content\/uploads\/2020\/11\/Diseno-de-farmacia-hernandez-logo.png\",\"contentUrl\":\"https:\/\/www.oficinadearte.com\/wp-content\/uploads\/2020\/11\/Diseno-de-farmacia-hernandez-logo.png\",\"width\":1666,\"height\":936,\"caption\":\"Redes sociales\"},{\"@type\":\"BreadcrumbList\",\"@id\":\"https:\/\/www.oficinadearte.com\/es\/diseno-de-farmacia\/#breadcrumb\",\"itemListElement\":[{\"@type\":\"ListItem\",\"position\":1,\"name\":\"Portada\",\"item\":\"https:\/\/www.oficinadearte.com\/es\/\"},{\"@type\":\"ListItem\",\"position\":2,\"name\":\"Dise\u00f1o de la Farmacia Hern\u00e1ndez, un cambio para seguir siendo la misma\"}]},{\"@type\":\"WebSite\",\"@id\":\"https:\/\/www.oficinadearte.com\/es\/#website\",\"url\":\"https:\/\/www.oficinadearte.com\/es\/\",\"name\":\"Oficina de Arte\",\"description\":\"Agencia de Dise\u00f1o Gr\u00e1fico\",\"potentialAction\":[{\"@type\":\"SearchAction\",\"target\":{\"@type\":\"EntryPoint\",\"urlTemplate\":\"https:\/\/www.oficinadearte.com\/es\/?s={search_term_string}\"},\"query-input\":{\"@type\":\"PropertyValueSpecification\",\"valueRequired\":true,\"valueName\":\"search_term_string\"}}],\"inLanguage\":\"es\"},{\"@type\":\"Person\",\"@id\":\"https:\/\/www.oficinadearte.com\/es\/#\/schema\/person\/9f461da2dfe10c8213d04a4b8dda5b59\",\"name\":\"Redacci\u00f3n\",\"image\":{\"@type\":\"ImageObject\",\"inLanguage\":\"es\",\"@id\":\"https:\/\/www.oficinadearte.com\/es\/#\/schema\/person\/image\/\",\"url\":\"https:\/\/secure.gravatar.com\/avatar\/3619530100c567f86f3c26573a234537b1bbea46c953d65a3dfbc0feb52b1c9d?s=96&d=mm&r=g\",\"contentUrl\":\"https:\/\/secure.gravatar.com\/avatar\/3619530100c567f86f3c26573a234537b1bbea46c953d65a3dfbc0feb52b1c9d?s=96&d=mm&r=g\",\"caption\":\"Redacci\u00f3n\"},\"url\":\"https:\/\/www.oficinadearte.com\/es\/author\/inma-tenor\/\"}]}<\/script>\n<!-- \/ Yoast SEO plugin. -->","yoast_head_json":{"title":"Dise\u00f1o de la farmacia Hern\u00e1ndez de Algeciras | Oficina de Arte","description":"El dise\u00f1o de la Farmacia Hern\u00e1ndez la distingue de sus competidores con una identidad coherente implantada por Oficina de Arte. \u00bfTe gusta?","robots":{"index":"index","follow":"follow","max-snippet":"max-snippet:-1","max-image-preview":"max-image-preview:large","max-video-preview":"max-video-preview:-1"},"canonical":"https:\/\/www.oficinadearte.com\/es\/diseno-de-farmacia\/","og_locale":"es_ES","og_type":"article","og_title":"Dise\u00f1o de la farmacia Hern\u00e1ndez de Algeciras | Oficina de Arte","og_description":"El dise\u00f1o de la Farmacia Hern\u00e1ndez la distingue de sus competidores con una identidad coherente implantada por Oficina de Arte. \u00bfTe gusta?","og_url":"https:\/\/www.oficinadearte.com\/es\/diseno-de-farmacia\/","og_site_name":"Oficina de Arte","article_published_time":"2020-11-25T20:55:44+00:00","article_modified_time":"2020-12-01T06:55:38+00:00","og_image":[{"width":1666,"height":936,"url":"https:\/\/www.oficinadearte.com\/wp-content\/uploads\/2020\/11\/Diseno-de-farmacia-hernandez-logo.png","type":"image\/png"}],"author":"Redacci\u00f3n","twitter_card":"summary_large_image","twitter_misc":{"Escrito por":"Redacci\u00f3n","Tiempo de lectura":"5 minutos"},"schema":{"@context":"https:\/\/schema.org","@graph":[{"@type":"WebPage","@id":"https:\/\/www.oficinadearte.com\/es\/diseno-de-farmacia\/","url":"https:\/\/www.oficinadearte.com\/es\/diseno-de-farmacia\/","name":"Dise\u00f1o de la farmacia Hern\u00e1ndez de Algeciras | Oficina de Arte","isPartOf":{"@id":"https:\/\/www.oficinadearte.com\/es\/#website"},"primaryImageOfPage":{"@id":"https:\/\/www.oficinadearte.com\/es\/diseno-de-farmacia\/#primaryimage"},"image":{"@id":"https:\/\/www.oficinadearte.com\/es\/diseno-de-farmacia\/#primaryimage"},"thumbnailUrl":"https:\/\/www.oficinadearte.com\/wp-content\/uploads\/2020\/11\/Diseno-de-farmacia-hernandez-logo.png","datePublished":"2020-11-25T20:55:44+00:00","dateModified":"2020-12-01T06:55:38+00:00","author":{"@id":"https:\/\/www.oficinadearte.com\/es\/#\/schema\/person\/9f461da2dfe10c8213d04a4b8dda5b59"},"description":"El dise\u00f1o de la Farmacia Hern\u00e1ndez la distingue de sus competidores con una identidad coherente implantada por Oficina de Arte. \u00bfTe gusta?","breadcrumb":{"@id":"https:\/\/www.oficinadearte.com\/es\/diseno-de-farmacia\/#breadcrumb"},"inLanguage":"es","potentialAction":[{"@type":"ReadAction","target":["https:\/\/www.oficinadearte.com\/es\/diseno-de-farmacia\/"]}]},{"@type":"ImageObject","inLanguage":"es","@id":"https:\/\/www.oficinadearte.com\/es\/diseno-de-farmacia\/#primaryimage","url":"https:\/\/www.oficinadearte.com\/wp-content\/uploads\/2020\/11\/Diseno-de-farmacia-hernandez-logo.png","contentUrl":"https:\/\/www.oficinadearte.com\/wp-content\/uploads\/2020\/11\/Diseno-de-farmacia-hernandez-logo.png","width":1666,"height":936,"caption":"Redes sociales"},{"@type":"BreadcrumbList","@id":"https:\/\/www.oficinadearte.com\/es\/diseno-de-farmacia\/#breadcrumb","itemListElement":[{"@type":"ListItem","position":1,"name":"Portada","item":"https:\/\/www.oficinadearte.com\/es\/"},{"@type":"ListItem","position":2,"name":"Dise\u00f1o de la Farmacia Hern\u00e1ndez, un cambio para seguir siendo la misma"}]},{"@type":"WebSite","@id":"https:\/\/www.oficinadearte.com\/es\/#website","url":"https:\/\/www.oficinadearte.com\/es\/","name":"Oficina de Arte","description":"Agencia de Dise\u00f1o Gr\u00e1fico","potentialAction":[{"@type":"SearchAction","target":{"@type":"EntryPoint","urlTemplate":"https:\/\/www.oficinadearte.com\/es\/?s={search_term_string}"},"query-input":{"@type":"PropertyValueSpecification","valueRequired":true,"valueName":"search_term_string"}}],"inLanguage":"es"},{"@type":"Person","@id":"https:\/\/www.oficinadearte.com\/es\/#\/schema\/person\/9f461da2dfe10c8213d04a4b8dda5b59","name":"Redacci\u00f3n","image":{"@type":"ImageObject","inLanguage":"es","@id":"https:\/\/www.oficinadearte.com\/es\/#\/schema\/person\/image\/","url":"https:\/\/secure.gravatar.com\/avatar\/3619530100c567f86f3c26573a234537b1bbea46c953d65a3dfbc0feb52b1c9d?s=96&d=mm&r=g","contentUrl":"https:\/\/secure.gravatar.com\/avatar\/3619530100c567f86f3c26573a234537b1bbea46c953d65a3dfbc0feb52b1c9d?s=96&d=mm&r=g","caption":"Redacci\u00f3n"},"url":"https:\/\/www.oficinadearte.com\/es\/author\/inma-tenor\/"}]}},"menu_order":0,"_links":{"self":[{"href":"https:\/\/www.oficinadearte.com\/es\/wp-json\/wp\/v2\/posts\/30915","targetHints":{"allow":["GET"]}}],"collection":[{"href":"https:\/\/www.oficinadearte.com\/es\/wp-json\/wp\/v2\/posts"}],"about":[{"href":"https:\/\/www.oficinadearte.com\/es\/wp-json\/wp\/v2\/types\/post"}],"author":[{"embeddable":true,"href":"https:\/\/www.oficinadearte.com\/es\/wp-json\/wp\/v2\/users\/3"}],"replies":[{"embeddable":true,"href":"https:\/\/www.oficinadearte.com\/es\/wp-json\/wp\/v2\/comments?post=30915"}],"version-history":[{"count":11,"href":"https:\/\/www.oficinadearte.com\/es\/wp-json\/wp\/v2\/posts\/30915\/revisions"}],"predecessor-version":[{"id":30955,"href":"https:\/\/www.oficinadearte.com\/es\/wp-json\/wp\/v2\/posts\/30915\/revisions\/30955"}],"wp:featuredmedia":[{"embeddable":true,"href":"https:\/\/www.oficinadearte.com\/es\/wp-json\/wp\/v2\/media\/30921"}],"wp:attachment":[{"href":"https:\/\/www.oficinadearte.com\/es\/wp-json\/wp\/v2\/media?parent=30915"}],"wp:term":[{"taxonomy":"category","embeddable":true,"href":"https:\/\/www.oficinadearte.com\/es\/wp-json\/wp\/v2\/categories?post=30915"},{"taxonomy":"post_tag","embeddable":true,"href":"https:\/\/www.oficinadearte.com\/es\/wp-json\/wp\/v2\/tags?post=30915"}],"curies":[{"name":"wp","href":"https:\/\/api.w.org\/{rel}","templated":true}]}}